{"id":26129,"date":"2025-04-07T21:28:13","date_gmt":"2025-04-07T21:28:13","guid":{"rendered":"https:\/\/radiocresatelital.com\/?p=26129"},"modified":"2025-04-07T21:28:30","modified_gmt":"2025-04-07T21:28:30","slug":"mies-atiende-a-familias-afectadas-por-deslizamientos-de-tierra-en-guapulo","status":"publish","type":"post","link":"https:\/\/radiocresatelital.com\/?p=26129","title":{"rendered":"MIES atiende a familias afectadas por deslizamientos de tierra en Gu\u00e1pulo"},"content":{"rendered":"<p>Quito.- El ministro de Inclusi\u00f3n Econ\u00f3mica y Social encargado, Harold Burbano, lider\u00f3 las acciones que lleva adelante esta cartera de Estado para atender a tres familias afectadas por deslizamientos de tierra<br \/>\nregistrados en el sector de Gu\u00e1pulo, al nororiente de Quito, debido a la intensa lluvia que cay\u00f3 la tarde y<br \/>\nnoche de este domingo 6 de abril.<\/p>\n<p>El ministro Burbano visit\u00f3 la vivienda en donde arrendaban las tres familias y que result\u00f3 afectada por un deslizamiento de tierra. La autoridad convers\u00f3 con las familias y se\u00f1al\u00f3 que junto a la Secretar\u00eda de<br \/>\nGesti\u00f3n de Riesgos se tomar\u00e1n las medidas necesarias, con el fin de tomar el control y la mitigaci\u00f3n<br \/>\nconstante de esta zona y as\u00ed evitar o prevenir problemas como deslaves o inundaciones, que pongan en<br \/>\nriesgo la vida de los moradores de este sector.<\/p>\n<p>Asimismo, manifest\u00f3 que se est\u00e1n coordinando acciones con el Ministerio de la Vivienda con el objetivo<br \/>\nde identificar y evaluar la situaci\u00f3n y encontrar alternativas de vivienda para estos hogares. Adem\u00e1s, hizo<br \/>\nun llamado urgente al Municipio de Quito para que esta instituci\u00f3n levante la informaci\u00f3n t\u00e9cnica de los<br \/>\nhogares afectados y que es necesaria para que el MIES pueda pagar el Bono de Contingencia por<br \/>\ndesastre naturales o eventos antr\u00f3picos.<\/p>\n<p>Cabe indicar que este bono, que se paga por una sola vez, equivale al 50% del costo de la canasta familiar<br \/>\nvital, calculado a la fecha de la eventualidad.<\/p>\n<p>El Ministro tambi\u00e9n inform\u00f3 que, en articulaci\u00f3n con la Secretar\u00eda de Gesti\u00f3n de Riesgos, se han<br \/>\nentregado kits con ayuda humanitaria, entre vituallas, ropa y varios enseres, que permitan cubrir las<br \/>\nprincipales necesidades de estas familias. Tambi\u00e9n dijo que, a trav\u00e9s del programa \u201cEcuatorianos en<br \/>\nAcci\u00f3n\u201d, se activar\u00e1n brigadas para la limpieza y adecentamiento de esta casa y zonas aleda\u00f1as.<\/p>\n","protected":false},"excerpt":{"rendered":"<p>Quito.- El ministro de Inclusi\u00f3n Econ\u00f3mica y Social encargado, Harold Burbano, lider\u00f3 las acciones que lleva adelante esta cartera de Estado para atender a tres familias afectadas por deslizamientos de tierra registrados en el sector de Gu\u00e1pulo, al nororiente de Quito, debido a la intensa lluvia que cay\u00f3 la tarde y noche de este domingo [&hellip;]<\/p>\n","protected":false},"author":2,"featured_media":26130,"comment_status":"open","ping_status":"closed","sticky":false,"template":"","format":"standard","meta":{"_jetpack_memberships_contains_paid_content":false,"footnotes":""},"categories":[13],"tags":[150],"class_list":["post-26129","post","type-post","status-publish","format-standard","has-post-thumbnail","hentry","category-noticias-nacionales","tag-ministro-de-inclusion-economica-y-social"],"jetpack_featured_media_url":"https:\/\/radiocresatelital.com\/wp-content\/uploads\/2025\/04\/WhatsApp-Image-2025-04-07-at-13.35.39-scaled.jpeg","jetpack_sharing_enabled":true,"_links":{"self":[{"href":"https:\/\/radiocresatelital.com\/index.php?rest_route=\/wp\/v2\/posts\/26129","targetHints":{"allow":["GET"]}}],"collection":[{"href":"https:\/\/radiocresatelital.com\/index.php?rest_route=\/wp\/v2\/posts"}],"about":[{"href":"https:\/\/radiocresatelital.com\/index.php?rest_route=\/wp\/v2\/types\/post"}],"author":[{"embeddable":true,"href":"https:\/\/radiocresatelital.com\/index.php?rest_route=\/wp\/v2\/users\/2"}],"replies":[{"embeddable":true,"href":"https:\/\/radiocresatelital.com\/index.php?rest_route=%2Fwp%2Fv2%2Fcomments&post=26129"}],"version-history":[{"count":1,"href":"https:\/\/radiocresatelital.com\/index.php?rest_route=\/wp\/v2\/posts\/26129\/revisions"}],"predecessor-version":[{"id":26131,"href":"https:\/\/radiocresatelital.com\/index.php?rest_route=\/wp\/v2\/posts\/26129\/revisions\/26131"}],"wp:featuredmedia":[{"embeddable":true,"href":"https:\/\/radiocresatelital.com\/index.php?rest_route=\/wp\/v2\/media\/26130"}],"wp:attachment":[{"href":"https:\/\/radiocresatelital.com\/index.php?rest_route=%2Fwp%2Fv2%2Fmedia&parent=26129"}],"wp:term":[{"taxonomy":"category","embeddable":true,"href":"https:\/\/radiocresatelital.com\/index.php?rest_route=%2Fwp%2Fv2%2Fcategories&post=26129"},{"taxonomy":"post_tag","embeddable":true,"href":"https:\/\/radiocresatelital.com\/index.php?rest_route=%2Fwp%2Fv2%2Ftags&post=26129"}],"curies":[{"name":"wp","href":"https:\/\/api.w.org\/{rel}","templated":true}]}}