{"id":26126,"date":"2025-04-07T19:20:22","date_gmt":"2025-04-07T19:20:22","guid":{"rendered":"https:\/\/radiocresatelital.com\/?p=26126"},"modified":"2025-04-07T21:22:28","modified_gmt":"2025-04-07T21:22:28","slug":"la-reina-de-cuenca-recibio-el-nuevo-volkswagen-t-cross-que-aportara-a-su-trabajo-social-y-comunitario","status":"publish","type":"post","link":"https:\/\/radiocresatelital.com\/?p=26126","title":{"rendered":"La Reina de Cuenca recibi\u00f3 el nuevo Volkswagen  T-Cross que aportar\u00e1 a su trabajo social y comunitario"},"content":{"rendered":"<p>Cuenca.- Volkswagen contin\u00faa consolidando su presencia en Ecuador con iniciativas que conectan con la comunidad. En un evento que reuni\u00f3n a autoridades locales y representantes de Volkswagen, la Reina de Cuenca, Natalia Ar\u00edzaga, recibi\u00f3 oficialmente el nuevo Volkswagen T-Cross, uno de los modelos m\u00e1s exitosos de la marca en la regi\u00f3n.<\/p>\n<p>La entrega se realiz\u00f3 en la agencia Volkswagen Cuenca y cont\u00f3 con la presencia de Daniel Holgu\u00edn, Director Nacional Retail de Volkswagen Ecuador; Mart\u00edn \u00c1lvarez, Gerente Comercial Nacional de la marca; y Edwin Encalada, Jefe de Agencia de Volkswagen Cuenca. Tambi\u00e9n, representantes de la Fundaci\u00f3n Reinas de Cuenca, quienes acompa\u00f1aron a Natalia Ar\u00edzaga en este acto simb\u00f3lico. Durante el evento, se destac\u00f3 el compromiso de la marca con la ciudad y el respaldo a figuras que representan los valores de liderazgo y cercan\u00eda con la comunidad.<\/p>\n<p>\u201cNos llena de orgullo acompa\u00f1ar a la Reina de Cuenca en su gesti\u00f3n, entreg\u00e1ndole un veh\u00edculo que representa seguridad, dise\u00f1o y tecnolog\u00eda. El T-Cross es un SUV pensado para quienes buscan confianza al volante y un estilo que se adapta a cualquier desaf\u00edo\u201d, coment\u00f3 Daniel Holgu\u00edn.<\/p>\n<p>El T-Cross, en su versi\u00f3n m\u00e1s reciente, incorpora mejoras en conectividad, su nuevo dise\u00f1o exterior, renovado y m\u00e1s sofisticado que nunca, adem\u00e1s cuenta con la calificaci\u00f3n de 5 estrellas en Latin NCAP, consolid\u00e1ndose como una de las opciones preferidas en el segmento SUV compacto.<\/p>\n<p>Natalia Ar\u00edzaga agradeci\u00f3 a Volkswagen por la entrega del veh\u00edculo y reafirm\u00f3 su compromiso con la ciudad: \u201cEste T-Cross me acompa\u00f1ar\u00e1 en todas mis actividades como Reina de Cuenca. Me siento muy agradecida por contar con el respaldo de una marca que cree en el rol de los j\u00f3venes y en el trabajo comunitario.\u201d<\/p>\n<p>Con esta entrega, Volkswagen se mantiene fortaleciendo su presencia en el Austro ecuatoriano, impulsando iniciativas que conectan a la marca con la gente y sus valores.<\/p>\n","protected":false},"excerpt":{"rendered":"<p>Cuenca.- Volkswagen contin\u00faa consolidando su presencia en Ecuador con iniciativas que conectan con la comunidad. En un evento que reuni\u00f3n a autoridades locales y representantes de Volkswagen, la Reina de Cuenca, Natalia Ar\u00edzaga, recibi\u00f3 oficialmente el nuevo Volkswagen T-Cross, uno de los modelos m\u00e1s exitosos de la marca en la regi\u00f3n. La entrega se realiz\u00f3 [&hellip;]<\/p>\n","protected":false},"author":2,"featured_media":26127,"comment_status":"open","ping_status":"closed","sticky":false,"template":"","format":"standard","meta":{"_jetpack_memberships_contains_paid_content":false,"footnotes":""},"categories":[2725,13],"tags":[2514,4104],"class_list":["post-26126","post","type-post","status-publish","format-standard","has-post-thumbnail","hentry","category-automotriz","category-noticias-nacionales","tag-volkswagen","tag-volkswagen-t-cross"],"jetpack_featured_media_url":"https:\/\/radiocresatelital.com\/wp-content\/uploads\/2025\/04\/1U4A3699-scaled.jpg","jetpack_sharing_enabled":true,"_links":{"self":[{"href":"https:\/\/radiocresatelital.com\/index.php?rest_route=\/wp\/v2\/posts\/26126","targetHints":{"allow":["GET"]}}],"collection":[{"href":"https:\/\/radiocresatelital.com\/index.php?rest_route=\/wp\/v2\/posts"}],"about":[{"href":"https:\/\/radiocresatelital.com\/index.php?rest_route=\/wp\/v2\/types\/post"}],"author":[{"embeddable":true,"href":"https:\/\/radiocresatelital.com\/index.php?rest_route=\/wp\/v2\/users\/2"}],"replies":[{"embeddable":true,"href":"https:\/\/radiocresatelital.com\/index.php?rest_route=%2Fwp%2Fv2%2Fcomments&post=26126"}],"version-history":[{"count":1,"href":"https:\/\/radiocresatelital.com\/index.php?rest_route=\/wp\/v2\/posts\/26126\/revisions"}],"predecessor-version":[{"id":26128,"href":"https:\/\/radiocresatelital.com\/index.php?rest_route=\/wp\/v2\/posts\/26126\/revisions\/26128"}],"wp:featuredmedia":[{"embeddable":true,"href":"https:\/\/radiocresatelital.com\/index.php?rest_route=\/wp\/v2\/media\/26127"}],"wp:attachment":[{"href":"https:\/\/radiocresatelital.com\/index.php?rest_route=%2Fwp%2Fv2%2Fmedia&parent=26126"}],"wp:term":[{"taxonomy":"category","embeddable":true,"href":"https:\/\/radiocresatelital.com\/index.php?rest_route=%2Fwp%2Fv2%2Fcategories&post=26126"},{"taxonomy":"post_tag","embeddable":true,"href":"https:\/\/radiocresatelital.com\/index.php?rest_route=%2Fwp%2Fv2%2Ftags&post=26126"}],"curies":[{"name":"wp","href":"https:\/\/api.w.org\/{rel}","templated":true}]}}