{"id":26119,"date":"2025-04-07T21:10:34","date_gmt":"2025-04-07T21:10:34","guid":{"rendered":"https:\/\/radiocresatelital.com\/?p=26119"},"modified":"2025-04-07T21:10:34","modified_gmt":"2025-04-07T21:10:34","slug":"gobierno-nacional-duplica-la-capacidad-electrica-para-mas-de-110-mil-usuarios-en-general-villamil-playas","status":"publish","type":"post","link":"https:\/\/radiocresatelital.com\/?p=26119","title":{"rendered":"Gobierno Nacional duplica la capacidad el\u00e9ctrica para m\u00e1s de 110 mil usuarios en General Villamil Playas"},"content":{"rendered":"<p>Posorja.- Con una inversi\u00f3n de USD 19,47 millones, el Gobierno Nacional, a trav\u00e9s del Ministerio de Energ\u00eda y Minas y la Corporaci\u00f3n El\u00e9ctrica del Ecuador (CELEC EP), ejecuta obras para duplicar la capacidad de suministro el\u00e9ctrico en General Villamil Playas, beneficiando a m\u00e1s de 110.000 usuarios y fortaleciendo el desarrollo acu\u00edcola, industrial, comercial y tur\u00edstico del cant\u00f3n.<\/p>\n<p>El proyecto contempla la ampliaci\u00f3n de la subestaci\u00f3n Posorja 138\/69 kV, la construcci\u00f3n de un nuevo patio de 138 kV, la modernizaci\u00f3n del patio de 69 kV, y la instalaci\u00f3n de dos transformadores de 66,7 MVA. La obra se desarrolla en cuatro fases y estar\u00e1 concluida en enero de 2026.<\/p>\n<p>El viceministro de Electricidad, Fabi\u00e1n Calero; el gerente general de CELEC EP, Gustavo S\u00e1nchez; y t\u00e9cnicos de la Unidad de Negocio Transelectric constataron la puesta en marcha de la primera fase, que incluye un nuevo patio de 138 kV, bah\u00edas de l\u00ednea, transformador, acoplamiento y una sala de control, protecci\u00f3n y medici\u00f3n.<\/p>\n<p>Actualmente, se ejecuta la segunda fase, que comprende la conexi\u00f3n del transformador mediante bah\u00edas de alta y baja tensi\u00f3n. Esta etapa finalizar\u00e1 a fines de abril y permitir\u00e1 mejorar el servicio para la empresa distribuidora CNEL EP.<\/p>\n<p>La tercera fase contempla la modernizaci\u00f3n del patio de 69 kV y la instalaci\u00f3n del segundo transformador, elevando la capacidad total a 133,4 MVA. La cuarta fase prev\u00e9 la sustituci\u00f3n del transformador existente por uno nuevo de igual capacidad.<\/p>\n<p>El viceministro Calero resalt\u00f3 que esta obra es clave para el desarrollo nacional e inst\u00f3 a los responsables a cumplir con los plazos establecidos, sin dilaciones.<\/p>\n<p>El financiamiento proviene del Banco Interamericano de Desarrollo (BID), la Agencia de Cooperaci\u00f3n Internacional del Jap\u00f3n (JICA), recursos fiscales y fondos propios de CELEC EP.<\/p>\n","protected":false},"excerpt":{"rendered":"<p>Posorja.- Con una inversi\u00f3n de USD 19,47 millones, el Gobierno Nacional, a trav\u00e9s del Ministerio de Energ\u00eda y Minas y la Corporaci\u00f3n El\u00e9ctrica del Ecuador (CELEC EP), ejecuta obras para duplicar la capacidad de suministro el\u00e9ctrico en General Villamil Playas, beneficiando a m\u00e1s de 110.000 usuarios y fortaleciendo el desarrollo acu\u00edcola, industrial, comercial y tur\u00edstico [&hellip;]<\/p>\n","protected":false},"author":2,"featured_media":26120,"comment_status":"open","ping_status":"closed","sticky":false,"template":"","format":"standard","meta":{"_jetpack_memberships_contains_paid_content":false,"footnotes":""},"categories":[13],"tags":[365,3014],"class_list":["post-26119","post","type-post","status-publish","format-standard","has-post-thumbnail","hentry","category-noticias-nacionales","tag-corporacion-electrica-del-ecuador","tag-ministerio-de-energia-y-minas"],"jetpack_featured_media_url":"https:\/\/radiocresatelital.com\/wp-content\/uploads\/2025\/04\/WhatsApp-Image-2025-04-07-at-15.50.58.jpeg","jetpack_sharing_enabled":true,"_links":{"self":[{"href":"https:\/\/radiocresatelital.com\/index.php?rest_route=\/wp\/v2\/posts\/26119","targetHints":{"allow":["GET"]}}],"collection":[{"href":"https:\/\/radiocresatelital.com\/index.php?rest_route=\/wp\/v2\/posts"}],"about":[{"href":"https:\/\/radiocresatelital.com\/index.php?rest_route=\/wp\/v2\/types\/post"}],"author":[{"embeddable":true,"href":"https:\/\/radiocresatelital.com\/index.php?rest_route=\/wp\/v2\/users\/2"}],"replies":[{"embeddable":true,"href":"https:\/\/radiocresatelital.com\/index.php?rest_route=%2Fwp%2Fv2%2Fcomments&post=26119"}],"version-history":[{"count":1,"href":"https:\/\/radiocresatelital.com\/index.php?rest_route=\/wp\/v2\/posts\/26119\/revisions"}],"predecessor-version":[{"id":26121,"href":"https:\/\/radiocresatelital.com\/index.php?rest_route=\/wp\/v2\/posts\/26119\/revisions\/26121"}],"wp:featuredmedia":[{"embeddable":true,"href":"https:\/\/radiocresatelital.com\/index.php?rest_route=\/wp\/v2\/media\/26120"}],"wp:attachment":[{"href":"https:\/\/radiocresatelital.com\/index.php?rest_route=%2Fwp%2Fv2%2Fmedia&parent=26119"}],"wp:term":[{"taxonomy":"category","embeddable":true,"href":"https:\/\/radiocresatelital.com\/index.php?rest_route=%2Fwp%2Fv2%2Fcategories&post=26119"},{"taxonomy":"post_tag","embeddable":true,"href":"https:\/\/radiocresatelital.com\/index.php?rest_route=%2Fwp%2Fv2%2Ftags&post=26119"}],"curies":[{"name":"wp","href":"https:\/\/api.w.org\/{rel}","templated":true}]}}