{"id":261,"date":"2023-06-23T20:03:23","date_gmt":"2023-06-23T20:03:23","guid":{"rendered":"https:\/\/radiocresatelital.com\/?p=261"},"modified":"2023-06-23T20:10:26","modified_gmt":"2023-06-23T20:10:26","slug":"prefectura-de-manabi-presento-informe-de-contribucion-a-objetivos-de-desarrollo-sostenible","status":"publish","type":"post","link":"https:\/\/radiocresatelital.com\/?p=261","title":{"rendered":"Prefectura de Manab\u00ed present\u00f3 informe de contribuci\u00f3n a objetivos de desarrollo sostenible"},"content":{"rendered":"<p>Manta.- La Prefectura present\u00f3 el primer informe voluntario de contribuci\u00f3n a los Objetivos de Desarrollo Sostenible de la ONU.<\/p>\n<p>En el marco de un Foro Internacional organizado por ONU H\u00e1bitat Pa\u00edses Andinos y que se desarroll\u00f3 en Manta este 22 de junio, la Prefectura de Manab\u00ed present\u00f3 el Primer Informe Local Voluntario de contribuci\u00f3n a los Objetivos de Desarrollo Sostenibles de la ONU.<\/p>\n<p>El prefecto de Manab\u00ed, Leonardo Orlando, detall\u00f3 que los 17 Objetivos de Desarrollo Sostenible han sido plasmados en los cinco ejes estrat\u00e9gicos de desarrollo de la provincia: Manab\u00ed Vivo, Manab\u00ed Humano, Manab\u00ed Sostenible, Manabi Conectado, y Manabi Articulado.<\/p>\n<p>\u201cSon 17 objetivos, y el d\u00e9cimo s\u00e9ptimo justamente es lo que hoy estamos consolidando como provincia: alianzas para lograr estos objetivos, alianzas con todos, sin excluir a nadie, sin encerrarnos individualmente sino abrirnos al Ecuador y al mundo en un esquema de cooperaci\u00f3n donde todos somos tratados como iguales\u201d, manifest\u00f3 Orlando.<\/p>\n<p>As\u00ed mismo, cit\u00f3 varias de las acciones, programas, proyectos y pol\u00edticas p\u00fablicas concretas alineados a los ODS.<\/p>\n","protected":false},"excerpt":{"rendered":"<p>Manta.- La Prefectura present\u00f3 el primer informe voluntario de contribuci\u00f3n a los Objetivos de Desarrollo Sostenible de la ONU. En el marco de un Foro Internacional organizado por ONU H\u00e1bitat Pa\u00edses Andinos y que se desarroll\u00f3 en Manta este 22 de junio, la Prefectura de Manab\u00ed present\u00f3 el Primer Informe Local Voluntario de contribuci\u00f3n a [&hellip;]<\/p>\n","protected":false},"author":2,"featured_media":262,"comment_status":"open","ping_status":"closed","sticky":false,"template":"","format":"standard","meta":{"_jetpack_memberships_contains_paid_content":false,"footnotes":""},"categories":[13],"tags":[69],"class_list":["post-261","post","type-post","status-publish","format-standard","has-post-thumbnail","hentry","category-noticias-nacionales","tag-prefectura-manabi"],"jetpack_featured_media_url":"https:\/\/radiocresatelital.com\/wp-content\/uploads\/2023\/06\/ddf028b0-3d09-4603-b6a7-d48dcaf58f8d.jpg","jetpack_sharing_enabled":true,"_links":{"self":[{"href":"https:\/\/radiocresatelital.com\/index.php?rest_route=\/wp\/v2\/posts\/261","targetHints":{"allow":["GET"]}}],"collection":[{"href":"https:\/\/radiocresatelital.com\/index.php?rest_route=\/wp\/v2\/posts"}],"about":[{"href":"https:\/\/radiocresatelital.com\/index.php?rest_route=\/wp\/v2\/types\/post"}],"author":[{"embeddable":true,"href":"https:\/\/radiocresatelital.com\/index.php?rest_route=\/wp\/v2\/users\/2"}],"replies":[{"embeddable":true,"href":"https:\/\/radiocresatelital.com\/index.php?rest_route=%2Fwp%2Fv2%2Fcomments&post=261"}],"version-history":[{"count":2,"href":"https:\/\/radiocresatelital.com\/index.php?rest_route=\/wp\/v2\/posts\/261\/revisions"}],"predecessor-version":[{"id":264,"href":"https:\/\/radiocresatelital.com\/index.php?rest_route=\/wp\/v2\/posts\/261\/revisions\/264"}],"wp:featuredmedia":[{"embeddable":true,"href":"https:\/\/radiocresatelital.com\/index.php?rest_route=\/wp\/v2\/media\/262"}],"wp:attachment":[{"href":"https:\/\/radiocresatelital.com\/index.php?rest_route=%2Fwp%2Fv2%2Fmedia&parent=261"}],"wp:term":[{"taxonomy":"category","embeddable":true,"href":"https:\/\/radiocresatelital.com\/index.php?rest_route=%2Fwp%2Fv2%2Fcategories&post=261"},{"taxonomy":"post_tag","embeddable":true,"href":"https:\/\/radiocresatelital.com\/index.php?rest_route=%2Fwp%2Fv2%2Ftags&post=261"}],"curies":[{"name":"wp","href":"https:\/\/api.w.org\/{rel}","templated":true}]}}