{"id":26083,"date":"2025-04-04T21:23:38","date_gmt":"2025-04-04T21:23:38","guid":{"rendered":"https:\/\/radiocresatelital.com\/?p=26083"},"modified":"2025-04-04T21:23:38","modified_gmt":"2025-04-04T21:23:38","slug":"kevin-de-bruyne-dejara-al-manchester-city-a-final-de-temporada","status":"publish","type":"post","link":"https:\/\/radiocresatelital.com\/?p=26083","title":{"rendered":"Kevin de Bruyne dejar\u00e1 al Manchester City a final de temporada"},"content":{"rendered":"<p>Londres.- El volante Kevin de Bruyne, quien es una leyenda dentro del Manchester City, anunci\u00f3 que dejar\u00e1 el club a final de temporada, su contrato finaliza el pr\u00f3ximo 30 de junio.<\/p>\n<p>Fichado procedente del Wolfsburgo en 2015 a cambio de 60 millones de euros, el belga ha salido barato al City, convirti\u00e9ndose en una aut\u00e9ntica leyenda en el Etihad Stadium, disputando 413 partidos, marcando 106 goles y repartiendo 174 asistencias.<\/p>\n<p>En su palmar\u00e9s figuran seis Premier League, cuatro de ellas consecutivas, una Champions League, la primera en la historia del club, dos FA Cup, cinco Copas de la Liga, una Supercopa de Europa y un Mundial de Clubes.<\/p>\n<p>El centrocampista tendr\u00e1 dos opciones m\u00e1s para redondear esta vitrina, en la FA Cup, donde juegan las semifinales contra el Nottingham Forest, y en el Mundial de Clubes de la FIFA, que comienza en junio en Estados Unidos.<\/p>\n<p>De Bruyne ha sido una pieza instrumental para entender los \u00e9xitos del equipo de Pep Guardiola en las \u00faltimas temporadas, con su punto \u00e1lgido en la 2022-2023, cuando los \u2018Sky Blues\u2019 se convirtieron en el segundo equipo ingl\u00e9s en la historia en conquistar el triplete (Liga, Copa y Liga de Campeones), tras el Manchester United de Alex Ferguson (1999).<\/p>\n<p>\u00abSi veis esto os pod\u00e9is imaginar qu\u00e9 voy a decir, as\u00ed que ir\u00e9 directo y os har\u00e9 saber que van a ser mis \u00faltimos meses como jugador del Manchester City. Nada de esto es f\u00e1cil de decir, pero como futbolista sabes que este d\u00eda llega. El d\u00eda es hoy y os merec\u00e9is escucharlo de m\u00ed\u00bb, dijo De Bruyne en una carta publicada en sus redes sociales.<\/p>\n<p>\u00abEl f\u00fatbol me ha tra\u00eddo a todos vosotros y a esta ciudad. Seguir mi sue\u00f1o, sin saber que este tiempo me cambiar\u00eda la vida. Esta ciudad, este club y esta gente me lo ha dado todo. No he tenido otra opci\u00f3n que dar lo mejor de m\u00ed, y sab\u00e9s qu\u00e9, lo hemos ganado todo. Nos guste o no, es momento de decir adi\u00f3s. M\u00e1nchester siempre estar\u00e1 en el pasaporte de mis hijos y, sobre todo, en nuestros corazones. Esta siempre ser\u00e1 nuestra casa. Toda historia llega a un final, pero este ha sido definitivamente el mejor cap\u00edtulo\u00bb, a\u00f1adi\u00f3.<\/p>\n<p>A nivel individual, De Bruyne ha sido elegido mejor jugador del City en cuatro temporadas, mejor jugador de la Premier League en dos ocasiones, incluido en el mejor once de la competici\u00f3n en seis ocasiones, adem\u00e1s de ser una vez elegido el mejor centrocampista de la Champions.<\/p>\n<p>El belga acaba contrato en junio y es libre de negociar con qui\u00e9n quiera, siendo una salida fuera de Europa la opci\u00f3n m\u00e1s probable a sus 33 a\u00f1os. En los \u00faltimos d\u00edas ha estado relacionado con un movimiento hacia Estados Unidos o Arabia Saud\u00ed.<\/p>\n","protected":false},"excerpt":{"rendered":"<p>Londres.- El volante Kevin de Bruyne, quien es una leyenda dentro del Manchester City, anunci\u00f3 que dejar\u00e1 el club a final de temporada, su contrato finaliza el pr\u00f3ximo 30 de junio. Fichado procedente del Wolfsburgo en 2015 a cambio de 60 millones de euros, el belga ha salido barato al City, convirti\u00e9ndose en una aut\u00e9ntica [&hellip;]<\/p>\n","protected":false},"author":2,"featured_media":26084,"comment_status":"open","ping_status":"closed","sticky":false,"template":"","format":"standard","meta":{"_jetpack_memberships_contains_paid_content":false,"footnotes":""},"categories":[7],"tags":[523],"class_list":["post-26083","post","type-post","status-publish","format-standard","has-post-thumbnail","hentry","category-futbol-internacional","tag-kevin-de-bruyne"],"jetpack_featured_media_url":"https:\/\/radiocresatelital.com\/wp-content\/uploads\/2025\/04\/000_39684wdjpg.webp","jetpack_sharing_enabled":true,"_links":{"self":[{"href":"https:\/\/radiocresatelital.com\/index.php?rest_route=\/wp\/v2\/posts\/26083","targetHints":{"allow":["GET"]}}],"collection":[{"href":"https:\/\/radiocresatelital.com\/index.php?rest_route=\/wp\/v2\/posts"}],"about":[{"href":"https:\/\/radiocresatelital.com\/index.php?rest_route=\/wp\/v2\/types\/post"}],"author":[{"embeddable":true,"href":"https:\/\/radiocresatelital.com\/index.php?rest_route=\/wp\/v2\/users\/2"}],"replies":[{"embeddable":true,"href":"https:\/\/radiocresatelital.com\/index.php?rest_route=%2Fwp%2Fv2%2Fcomments&post=26083"}],"version-history":[{"count":1,"href":"https:\/\/radiocresatelital.com\/index.php?rest_route=\/wp\/v2\/posts\/26083\/revisions"}],"predecessor-version":[{"id":26085,"href":"https:\/\/radiocresatelital.com\/index.php?rest_route=\/wp\/v2\/posts\/26083\/revisions\/26085"}],"wp:featuredmedia":[{"embeddable":true,"href":"https:\/\/radiocresatelital.com\/index.php?rest_route=\/wp\/v2\/media\/26084"}],"wp:attachment":[{"href":"https:\/\/radiocresatelital.com\/index.php?rest_route=%2Fwp%2Fv2%2Fmedia&parent=26083"}],"wp:term":[{"taxonomy":"category","embeddable":true,"href":"https:\/\/radiocresatelital.com\/index.php?rest_route=%2Fwp%2Fv2%2Fcategories&post=26083"},{"taxonomy":"post_tag","embeddable":true,"href":"https:\/\/radiocresatelital.com\/index.php?rest_route=%2Fwp%2Fv2%2Ftags&post=26083"}],"curies":[{"name":"wp","href":"https:\/\/api.w.org\/{rel}","templated":true}]}}