{"id":2606,"date":"2023-08-15T16:54:35","date_gmt":"2023-08-15T16:54:35","guid":{"rendered":"https:\/\/radiocresatelital.com\/?p=2606"},"modified":"2023-08-15T16:54:35","modified_gmt":"2023-08-15T16:54:35","slug":"olga-carmona-anota-el-triunfo-para-que-espana-clasifique-a-final-del-mundial-femenino","status":"publish","type":"post","link":"https:\/\/radiocresatelital.com\/?p=2606","title":{"rendered":"Olga Carmona anota el triunfo para que Espa\u00f1a clasifique a Final del Mundial Femenino"},"content":{"rendered":"<p class=\"text__text__1FZLe text__dark-grey__3Ml43 text__regular__2N1Xr text__small__1kGq2 body__full_width__ekUdw body__small_body__2vQyf article-body__paragraph__2-BtD\" data-testid=\"paragraph-0\"><span>Auckland.- La Selecci\u00f3n Femenina de Espa\u00f1a ha conquistado la clasificaci\u00f3n a la final del Mundial con anotaci\u00f3n de Olga Carmona para la victoria 2-1 en semifinales sobre Suecia y enviar a las ib\u00e9ricas a su primer partido decisivo en la Copa Mundial Femenina cuando el torneo cerr\u00f3 en Nueva Zelanda con un lluvia de goles.<\/span><\/p>\n<p class=\"text__text__1FZLe text__dark-grey__3Ml43 text__regular__2N1Xr text__small__1kGq2 body__full_width__ekUdw body__small_body__2vQyf article-body__paragraph__2-BtD\" data-testid=\"paragraph-1\"><span>Con el brazalete de capitana, el remate de Carmona en el minuto 90 desde el borde del \u00e1rea rebot\u00f3 en el travesa\u00f1o y entr\u00f3 en la red dos minutos despu\u00e9s de que Rebecka Blomqvist igualara el partido para Suecia frente a 43.217 espectadores en Eden Park.<\/span><\/p>\n<div class=\"article-body__element__2p5pI\">\n<div class=\"spacing-container__container__2g5QT spacing-container__t-spacing-single-three-quarters__2_moJ spacing-container__b-spacing-single-three-quarters__1fuBK spacing-container__max-width__zScFd\" data-testid=\"ResponsiveAdSlot\">\n<div class=\"ad-slot__container__FEnoz ad-slot__fixed-height__6m70D\">\n<div class=\"ad-slot__inner__2u45U\">\n<div>La adolescente Salma Paralluelo, la hero\u00edna de Espa\u00f1a en los cuartos de final contra Holanda, volvi\u00f3 a producir magia desde el banquillo, poniendo a su equipo por delante en el minuto 81 y dando vida a lo que hab\u00eda sido un asunto cauteloso de combusti\u00f3n lenta.<\/div>\n<\/div>\n<\/div>\n<\/div>\n<\/div>\n<p class=\"text__text__1FZLe text__dark-grey__3Ml43 text__regular__2N1Xr text__small__1kGq2 body__full_width__ekUdw body__small_body__2vQyf article-body__paragraph__2-BtD\" data-testid=\"paragraph-3\"><span>Menos de un a\u00f1o despu\u00e9s de que una revuelta de jugadores contra el t\u00e9cnico Jorge Vilda destrozara al equipo, &#8216;La Roja&#8217; tendr\u00e1 la oportunidad de levantar el trofeo en Sydney el domingo cuando se enfrente a los coanfitriones Australia o Inglaterra en el partido decisivo.<\/span><\/p>\n<div class=\"article-body__element__2p5pI\">\n<div class=\"spacing-container__container__2g5QT spacing-container__t-spacing-single-three-quarters__2_moJ spacing-container__b-spacing-single-three-quarters__1fuBK spacing-container__max-width__zScFd\" data-testid=\"ResponsiveAdSlot\">\n<div class=\"ad-slot__container__FEnoz ad-slot__fixed-height__6m70D\">\n<div class=\"ad-slot__inner__2u45U\">\n<div>\u00abEstamos muy felices. Si vas al vestuario ahora, es incre\u00edble c\u00f3mo est\u00e1n celebrando\u00bb, dijo Vilda a los periodistas.<\/div>\n<\/div>\n<\/div>\n<\/div>\n<\/div>\n<p class=\"text__text__1FZLe text__dark-grey__3Ml43 text__regular__2N1Xr text__small__1kGq2 body__full_width__ekUdw body__small_body__2vQyf article-body__paragraph__2-BtD\" data-testid=\"paragraph-5\"><span>\u00abTenemos la final por delante, ma\u00f1ana vamos a Sydney y queremos ganar\u00bb.<\/span><\/p>\n<p class=\"text__text__1FZLe text__dark-grey__3Ml43 text__regular__2N1Xr text__small__1kGq2 body__full_width__ekUdw body__small_body__2vQyf article-body__paragraph__2-BtD\" data-testid=\"paragraph-6\"><span>La Suecia de Peter Gerhardsson se retira despu\u00e9s de otra derrota en el pen\u00faltimo obst\u00e1culo, despu\u00e9s de haber llegado a las semifinales en Francia hace cuatro a\u00f1os y en el Campeonato de Europa del a\u00f1o pasado.<\/span><\/p>\n<p class=\"text__text__1FZLe text__dark-grey__3Ml43 text__regular__2N1Xr text__small__1kGq2 body__full_width__ekUdw body__small_body__2vQyf article-body__paragraph__2-BtD\" data-testid=\"paragraph-7\"><span>\u00abSent\u00ed como un pu\u00f1etazo en el est\u00f3mago cuando lograron tomar la delantera de inmediato. No hay palabras\u00bb, dijo la defensa sueca Magdalena Eriksson a la radio sueca.<\/span><\/p>\n<div class=\"article-body__element__2p5pI\">\n<div class=\"spacing-container__container__2g5QT spacing-container__t-spacing-single-three-quarters__2_moJ spacing-container__b-spacing-single-three-quarters__1fuBK spacing-container__always__1sLhR spacing-container__max-width__zScFd\" data-testid=\"ResponsiveAdSlot\">\n<div class=\"ad-slot__container__FEnoz ad-slot__fixed-height__6m70D\">\n<div class=\"ad-slot__inner__2u45U\">\n<div>Quince jugadores de Espa\u00f1a hab\u00edan amenazado con retirarse el a\u00f1o pasado si no cambiaban a Vilda, pero el martes su decisi\u00f3n de reemplazar a la mediapunta Alexia Putellas con Paralluelo antes de la hora de juego result\u00f3 decisiva, ya que el equipo venci\u00f3 a Suecia por primera vez en su 12\u00ba intento.<\/div>\n<\/div>\n<\/div>\n<\/div>\n<\/div>\n<p class=\"text__text__1FZLe text__dark-grey__3Ml43 text__regular__2N1Xr text__small__1kGq2 body__full_width__ekUdw body__small_body__2vQyf article-body__paragraph__2-BtD\" data-testid=\"paragraph-9\"><span>En un enfrentamiento de estilo de ataque ib\u00e9rico y resistencia defensiva sueca, Espa\u00f1a fue el equipo m\u00e1s animado desde el principio, pero no tuvo nada que mostrar.<\/span><\/p>\n<p class=\"text__text__1FZLe text__dark-grey__3Ml43 text__regular__2N1Xr text__small__1kGq2 body__full_width__ekUdw body__small_body__2vQyf article-body__paragraph__2-BtD\" data-testid=\"paragraph-10\"><span>El lateral Carmona dispar\u00f3 apenas desviado con un disparo raso y lejano en el minuto 14 y la dinamo del centro del campo Aitana Bonmati dispar\u00f3 un tiro desviado que pas\u00f3 por el mismo poste derecho desde el borde del \u00e1rea.<\/span><\/p>\n<p class=\"text__text__1FZLe text__dark-grey__3Ml43 text__regular__2N1Xr text__small__1kGq2 body__full_width__ekUdw body__small_body__2vQyf article-body__paragraph__2-BtD\" data-testid=\"paragraph-11\"><span>Sin embargo, Suecia termin\u00f3 la mitad ascendente con una t\u00edpica salva de presi\u00f3n a bal\u00f3n parado.<\/span><\/p>\n<p class=\"text__text__1FZLe text__dark-grey__3Ml43 text__regular__2N1Xr text__small__1kGq2 body__full_width__ekUdw body__small_body__2vQyf article-body__paragraph__2-BtD\" data-testid=\"paragraph-12\"><span>A los pocos minutos del descanso, Espa\u00f1a se llev\u00f3 un susto cuando Nathalie Bjorn remat\u00f3 con el pecho y centr\u00f3 a Fridolina Rolfo desmarcada en el \u00e1rea.<\/span><\/p>\n<p class=\"text__text__1FZLe text__dark-grey__3Ml43 text__regular__2N1Xr text__small__1kGq2 body__full_width__ekUdw body__small_body__2vQyf article-body__paragraph__2-BtD\" data-testid=\"paragraph-13\"><span>Pero la volea de la lateral sueca fue bien tapada por la portera Cata Coll.<\/span><\/p>\n<p class=\"text__text__1FZLe text__dark-grey__3Ml43 text__regular__2N1Xr text__small__1kGq2 body__full_width__ekUdw body__small_body__2vQyf article-body__paragraph__2-BtD\" data-testid=\"paragraph-14\"><span>Suecia mantuvo el calor tras el descanso pero Paralluelo, nombrado jugador del partido, arrebat\u00f3 el impulso a los espa\u00f1oles.<\/span><\/p>\n<p class=\"text__text__1FZLe text__dark-grey__3Ml43 text__regular__2N1Xr text__small__1kGq2 body__full_width__ekUdw body__small_body__2vQyf article-body__paragraph__2-BtD\" data-testid=\"paragraph-15\"><span>Estuvo cerca de desempatar en el minuto 70 cuando mantuvo vivo el bal\u00f3n con un pase cortado a Alba Redondo cerca.\u00a0Tirada en el c\u00e9sped, Redondo lanz\u00f3 una pierna, pero solo pudo meter su tiro en la red lateral.<\/span><\/p>\n<p class=\"text__text__1FZLe text__dark-grey__3Ml43 text__regular__2N1Xr text__small__1kGq2 body__full_width__ekUdw body__small_body__2vQyf article-body__paragraph__2-BtD\" data-testid=\"paragraph-16\"><span>Once minutos despu\u00e9s, Paralluelo remat\u00f3 de nuevo en un mal despeje y remat\u00f3 en el \u00e1ngulo derecho para hacer delirar a la afici\u00f3n espa\u00f1ola.<\/span><\/p>\n<p class=\"text__text__1FZLe text__dark-grey__3Ml43 text__regular__2N1Xr text__small__1kGq2 body__full_width__ekUdw body__small_body__2vQyf article-body__paragraph__2-BtD\" data-testid=\"paragraph-17\"><span>\u00abFue un momento m\u00e1gico una vez m\u00e1s\u00bb, dijo el joven de 19 a\u00f1os, que anot\u00f3 en el minuto 111 para dejar a Holanda fuera del torneo.<\/span><\/p>\n<p class=\"text__text__1FZLe text__dark-grey__3Ml43 text__regular__2N1Xr text__small__1kGq2 body__full_width__ekUdw body__small_body__2vQyf article-body__paragraph__2-BtD\" data-testid=\"paragraph-18\"><span>\u00abPoder repetir esto es realmente incre\u00edble\u00bb.<\/span><\/p>\n<p class=\"text__text__1FZLe text__dark-grey__3Ml43 text__regular__2N1Xr text__small__1kGq2 body__full_width__ekUdw body__small_body__2vQyf article-body__paragraph__2-BtD\" data-testid=\"paragraph-19\"><span>Todo parec\u00eda encaminado a Suecia a medida que se acababa el tiempo reglamentario, pero Lina Hurtig cabece\u00f3 hacia una Blomqvist desmarcada, que remat\u00f3 de volea desde corta distancia.<\/span><\/p>\n<p class=\"text__text__1FZLe text__dark-grey__3Ml43 text__regular__2N1Xr text__small__1kGq2 body__full_width__ekUdw body__small_body__2vQyf article-body__paragraph__2-BtD\" data-testid=\"paragraph-20\"><span>La alegr\u00eda de los suecos se convirti\u00f3 r\u00e1pidamente en desesperaci\u00f3n cuando Carmona sac\u00f3 el bal\u00f3n de un c\u00f3rner, dio unos pasos hacia adelante y solt\u00f3 un feroz disparo que la guardameta Zecira Musovic remat\u00f3 por debajo del larguero.<\/span><\/p>\n<p class=\"text__text__1FZLe text__dark-grey__3Ml43 text__regular__2N1Xr text__small__1kGq2 body__full_width__ekUdw body__small_body__2vQyf article-body__paragraph__2-BtD\" data-testid=\"paragraph-21\"><span>El bal\u00f3n rebot\u00f3 sobre la l\u00ednea, lo que le dio a Espa\u00f1a la oportunidad de crear m\u00e1s historia en su Copa del Mundo.<\/span><\/p>\n<p class=\"text__text__1FZLe text__dark-grey__3Ml43 text__regular__2N1Xr text__small__1kGq2 body__full_width__ekUdw body__small_body__2vQyf article-body__paragraph__2-BtD\" data-testid=\"paragraph-22\"><span>El jefe de Suecia, Gerhardsson, tuvo que lamentar el giro cruel y tard\u00edo.<\/span><\/p>\n<p class=\"text__text__1FZLe text__dark-grey__3Ml43 text__regular__2N1Xr text__small__1kGq2 body__full_width__ekUdw body__small_body__2vQyf article-body__paragraph__2-BtD\" data-testid=\"paragraph-23\"><span>\u00abCreo que todos sienten tristeza y una gran decepci\u00f3n\u00bb, dijo.<\/span><\/p>\n<p class=\"text__text__1FZLe text__dark-grey__3Ml43 text__regular__2N1Xr text__small__1kGq2 body__full_width__ekUdw body__small_body__2vQyf article-body__paragraph__2-BtD\" data-testid=\"paragraph-24\"><span>\u00abSentimos una enorme alegr\u00eda y euforia de que tal vez podamos llevar esto a la pr\u00f3rroga. Luego cambi\u00f3 de nuevo\u00bb.<\/span><\/p>\n<p class=\"text__text__1FZLe text__dark-grey__3Ml43 text__regular__2N1Xr text__small__1kGq2 body__full_width__ekUdw body__small_body__2vQyf article-body__paragraph__2-BtD\" data-testid=\"paragraph-25\"><span>La naci\u00f3n anfitriona, Nueva Zelanda, se despidi\u00f3 con cari\u00f1o del torneo, habiendo generado una asistencia total de m\u00e1s de 700.000 personas en 29 partidos en cuatro ciudades.<\/span><\/p>\n","protected":false},"excerpt":{"rendered":"<p>Auckland.- La Selecci\u00f3n Femenina de Espa\u00f1a ha conquistado la clasificaci\u00f3n a la final del Mundial con anotaci\u00f3n de Olga Carmona para la victoria 2-1 en semifinales sobre Suecia y enviar a las ib\u00e9ricas a su primer partido decisivo en la Copa Mundial Femenina cuando el torneo cerr\u00f3 en Nueva Zelanda con un lluvia de goles. [&hellip;]<\/p>\n","protected":false},"author":2,"featured_media":2607,"comment_status":"open","ping_status":"closed","sticky":false,"template":"","format":"standard","meta":{"_jetpack_memberships_contains_paid_content":false,"footnotes":""},"categories":[7],"tags":[334],"class_list":["post-2606","post","type-post","status-publish","format-standard","has-post-thumbnail","hentry","category-futbol-internacional","tag-mundial-femenino"],"jetpack_featured_media_url":"https:\/\/radiocresatelital.com\/wp-content\/uploads\/2023\/08\/espana-vence-a-suecia-y-clasifica-a-la-final-del-mundial-femenino-2023-1179477.jpg","jetpack_sharing_enabled":true,"_links":{"self":[{"href":"https:\/\/radiocresatelital.com\/index.php?rest_route=\/wp\/v2\/posts\/2606","targetHints":{"allow":["GET"]}}],"collection":[{"href":"https:\/\/radiocresatelital.com\/index.php?rest_route=\/wp\/v2\/posts"}],"about":[{"href":"https:\/\/radiocresatelital.com\/index.php?rest_route=\/wp\/v2\/types\/post"}],"author":[{"embeddable":true,"href":"https:\/\/radiocresatelital.com\/index.php?rest_route=\/wp\/v2\/users\/2"}],"replies":[{"embeddable":true,"href":"https:\/\/radiocresatelital.com\/index.php?rest_route=%2Fwp%2Fv2%2Fcomments&post=2606"}],"version-history":[{"count":1,"href":"https:\/\/radiocresatelital.com\/index.php?rest_route=\/wp\/v2\/posts\/2606\/revisions"}],"predecessor-version":[{"id":2608,"href":"https:\/\/radiocresatelital.com\/index.php?rest_route=\/wp\/v2\/posts\/2606\/revisions\/2608"}],"wp:featuredmedia":[{"embeddable":true,"href":"https:\/\/radiocresatelital.com\/index.php?rest_route=\/wp\/v2\/media\/2607"}],"wp:attachment":[{"href":"https:\/\/radiocresatelital.com\/index.php?rest_route=%2Fwp%2Fv2%2Fmedia&parent=2606"}],"wp:term":[{"taxonomy":"category","embeddable":true,"href":"https:\/\/radiocresatelital.com\/index.php?rest_route=%2Fwp%2Fv2%2Fcategories&post=2606"},{"taxonomy":"post_tag","embeddable":true,"href":"https:\/\/radiocresatelital.com\/index.php?rest_route=%2Fwp%2Fv2%2Ftags&post=2606"}],"curies":[{"name":"wp","href":"https:\/\/api.w.org\/{rel}","templated":true}]}}