{"id":25985,"date":"2025-04-02T19:03:06","date_gmt":"2025-04-02T19:03:06","guid":{"rendered":"https:\/\/radiocresatelital.com\/?p=25985"},"modified":"2025-04-02T21:15:25","modified_gmt":"2025-04-02T21:15:25","slug":"siete-consejos-para-viajar-seguro-en-el-feriado","status":"publish","type":"post","link":"https:\/\/radiocresatelital.com\/?p=25985","title":{"rendered":"Siete consejos para viajar seguro en el Feriado"},"content":{"rendered":"<p>Quito.- Con la llegada del feriado de Semana Santa, miles de ecuatorianos se preparan para viajar por carretera y disfrutar de unos d\u00edas de descanso. Sin embargo, antes de emprender el recorrido, es fundamental garantizar que el veh\u00edculo est\u00e9 en \u00f3ptimas condiciones y que el conductor tome las precauciones necesarias para un trayecto seguro.<\/p>\n<p>Para prevenir riesgos e imprevistos, Marco Alb\u00e1n, Gerente de posventa de Volkswagen Ecuador comparte 7 recomendaciones que todo conductor debe tener en cuenta antes de salir de viaje:<\/p>\n<p><strong>1. Revisi\u00f3n mec\u00e1nica previa<\/strong><br \/>\nAntes de viajar considera que el auto est\u00e9 en condiciones \u00f3ptimas. Un chequeo general del veh\u00edculo puede evitar incidentes en la carretera. Es importante inspeccionar la presi\u00f3n y el estado de los neum\u00e1ticos, niveles de aceite y l\u00edquido limpiaparabrisas, sistema de frenos y luces.<\/p>\n<p>\u00abEn nuestra red de talleres Volkswagen a nivel nacional realizamos mantenimientos preventivos detallados, asegurando que cada veh\u00edculo est\u00e9 en perfectas condiciones para recorrer largas distancias con tranquilidad\u00bb, se\u00f1ala Marco Alb\u00e1n.<\/p>\n<p><strong>2. Equipamiento de seguridad completo<\/strong><br \/>\nLos imprevistos pueden ocurrir en cualquier momento, por lo que es fundamental contar con un kit de seguridad completo. Antes de viajar, verifica que el veh\u00edculo cuente con:<br \/>\nTri\u00e1ngulos reflectivos<br \/>\nExtintor con carga vigente<br \/>\nBotiqu\u00edn de primeros auxilios<br \/>\nGato hidr\u00e1ulico y llave de ruedas<br \/>\nCables pasa corriente y linterna<br \/>\nChaleco reflectivo para mayor visibilidad<\/p>\n<p><strong>3. Atenci\u00f3n a los neum\u00e1ticos<\/strong><br \/>\nLos neum\u00e1ticos son el \u00fanico punto de contacto del veh\u00edculo con la carretera, por lo que su estado influye directamente en la seguridad y estabilidad del auto. Es importante asegurarse de que:<br \/>\nLa presi\u00f3n de los neum\u00e1ticos sea la recomendada por el fabricante (puede encontrarse en la tapa del combustible o en la puerta del conductor).<br \/>\nLa profundidad del labrado cumpla con el m\u00ednimo permitido (1.6 mm), ya que un desgaste excesivo reduce el agarre y aumenta el riesgo de deslizamientos.<br \/>\nNo haya cortes, grietas o abultamientos.<br \/>\n\u00abConducir con neum\u00e1ticos en mal estado aumenta el riesgo de accidentes y compromete el control del veh\u00edculo, especialmente en condiciones de lluvia o pavimento resbaloso\u00bb, advierte Alb\u00e1n.<\/p>\n<p><strong>4. Luces y neblineros: visibilidad en todo momento<\/strong><br \/>\nLas luces del veh\u00edculo mejoran la visibilidad del camino y permiten que otros conductores puedan detectar la presencia del auto con facilidad. Verifica:<br \/>\nLuces delanteras y traseras funcionando correctamente<br \/>\nIntensidad y alineaci\u00f3n adecuadas para no deslumbrar a otros conductores<br \/>\nLimpieza de los faros para mejorar la iluminaci\u00f3n<br \/>\nNeblineros operativos para condiciones clim\u00e1ticas adversas<\/p>\n<p><strong>5. Conduce con responsabilidad<\/strong><br \/>\nEl buen estado del veh\u00edculo es crucial, pero la seguridad en carretera tambi\u00e9n depende del comportamiento del conductor. Para minimizar riesgos, es fundamental:<br \/>\nDescansar al menos 8 horas antes de un viaje largo para evitar fatiga.<br \/>\nNo usar el celular mientras se maneja.<br \/>\nRespetar los l\u00edmites de velocidad y mantener una distancia prudente con otros veh\u00edculos.<br \/>\nAjustar la velocidad en condiciones de lluvia, neblina o carreteras resbalosas.<br \/>\n\u00abUna conducci\u00f3n preventiva y responsable no solo protege a los ocupantes del veh\u00edculo, sino tambi\u00e9n a peatones y otros usuarios de la v\u00eda\u00bb, enfatiza el experto de Volkswagen.<\/p>\n<p><strong>6. Inf\u00f3rmate sobre el estado de las v\u00edas<\/strong><br \/>\nAntes de salir, es recomendable revisar las condiciones de las carreteras a trav\u00e9s de canales oficiales como ECU 911, la Polic\u00eda Nacional y la Agencia Nacional de Tr\u00e1nsito. Esto permitir\u00e1 conocer posibles cierres o desv\u00edos por mantenimiento o deslaves, rutas alternas en caso de congesti\u00f3n, pron\u00f3stico del clima en la zona de destino.<\/p>\n<p><strong>7. Planifica las paradas y evita la fatiga al volante<\/strong><br \/>\nLos trayectos largos pueden generar cansancio y disminuir la capacidad de reacci\u00f3n del conductor. Para evitarlo, se recomienda:<br \/>\nHacer pausas cada 2 horas o cada 200 km para estirar las piernas y descansar.<br \/>\nAlternar la conducci\u00f3n con otro pasajero si es posible.<br \/>\nMantenerse hidratado y evitar comidas pesadas antes y durante el viaje.<\/p>\n<p>Si se presentan s\u00edntomas de fatiga como parpadeo constante, dificultad para concentrarse o somnolencia, detenerse en un \u00e1rea segura y descansar antes de continuar.<\/p>\n<p>\u00abTomarse el tiempo para descansar es tan importante como el estado del veh\u00edculo. La fatiga al volante es una de las principales causas de accidentes en carretera, y prevenirla es clave para un viaje seguro\u00bb, concluye Alb\u00e1n.<\/p>\n<p>Volkswagen Ecuador reafirma su compromiso brindando a sus clientes veh\u00edculos con tecnolog\u00eda avanzada, sistemas de asistencia a la conducci\u00f3n y un servicio de mantenimiento especializado para garantizar trayectos m\u00e1s seguros.<\/p>\n","protected":false},"excerpt":{"rendered":"<p>Quito.- Con la llegada del feriado de Semana Santa, miles de ecuatorianos se preparan para viajar por carretera y disfrutar de unos d\u00edas de descanso. Sin embargo, antes de emprender el recorrido, es fundamental garantizar que el veh\u00edculo est\u00e9 en \u00f3ptimas condiciones y que el conductor tome las precauciones necesarias para un trayecto seguro. Para [&hellip;]<\/p>\n","protected":false},"author":2,"featured_media":25986,"comment_status":"open","ping_status":"closed","sticky":false,"template":"","format":"standard","meta":{"_jetpack_memberships_contains_paid_content":false,"footnotes":""},"categories":[2725],"tags":[4079],"class_list":["post-25985","post","type-post","status-publish","format-standard","has-post-thumbnail","hentry","category-automotriz","tag-volkswagen-ecuador"],"jetpack_featured_media_url":"https:\/\/radiocresatelital.com\/wp-content\/uploads\/2025\/04\/109-3942-imagem-ar-t-cross-25-highline-200tsi-pa2-pfs-3-4-fren-esq-6k6k-sunset-amb-dia-acao-adv-1.png","jetpack_sharing_enabled":true,"_links":{"self":[{"href":"https:\/\/radiocresatelital.com\/index.php?rest_route=\/wp\/v2\/posts\/25985","targetHints":{"allow":["GET"]}}],"collection":[{"href":"https:\/\/radiocresatelital.com\/index.php?rest_route=\/wp\/v2\/posts"}],"about":[{"href":"https:\/\/radiocresatelital.com\/index.php?rest_route=\/wp\/v2\/types\/post"}],"author":[{"embeddable":true,"href":"https:\/\/radiocresatelital.com\/index.php?rest_route=\/wp\/v2\/users\/2"}],"replies":[{"embeddable":true,"href":"https:\/\/radiocresatelital.com\/index.php?rest_route=%2Fwp%2Fv2%2Fcomments&post=25985"}],"version-history":[{"count":1,"href":"https:\/\/radiocresatelital.com\/index.php?rest_route=\/wp\/v2\/posts\/25985\/revisions"}],"predecessor-version":[{"id":25987,"href":"https:\/\/radiocresatelital.com\/index.php?rest_route=\/wp\/v2\/posts\/25985\/revisions\/25987"}],"wp:featuredmedia":[{"embeddable":true,"href":"https:\/\/radiocresatelital.com\/index.php?rest_route=\/wp\/v2\/media\/25986"}],"wp:attachment":[{"href":"https:\/\/radiocresatelital.com\/index.php?rest_route=%2Fwp%2Fv2%2Fmedia&parent=25985"}],"wp:term":[{"taxonomy":"category","embeddable":true,"href":"https:\/\/radiocresatelital.com\/index.php?rest_route=%2Fwp%2Fv2%2Fcategories&post=25985"},{"taxonomy":"post_tag","embeddable":true,"href":"https:\/\/radiocresatelital.com\/index.php?rest_route=%2Fwp%2Fv2%2Ftags&post=25985"}],"curies":[{"name":"wp","href":"https:\/\/api.w.org\/{rel}","templated":true}]}}