{"id":25968,"date":"2025-04-02T20:24:43","date_gmt":"2025-04-02T20:24:43","guid":{"rendered":"https:\/\/radiocresatelital.com\/?p=25968"},"modified":"2025-04-02T20:24:43","modified_gmt":"2025-04-02T20:24:43","slug":"guayaquil-amplia-su-red-de-seguridad-con-la-transformacion-de-pai-en-estaciones-de-accion-segura","status":"publish","type":"post","link":"https:\/\/radiocresatelital.com\/?p=25968","title":{"rendered":"Guayaquil ampl\u00eda su red de seguridad con la transformaci\u00f3n de PAI en Estaciones de Acci\u00f3n Segura"},"content":{"rendered":"<p>Guayaquil.- El Alcalde Aquiles Alvarez destac\u00f3 el esfuerzo conjunto entre la comunidad de Urdesa y el Municipio de Guayaquil, a trav\u00e9s de Segura EP, para recuperar un antiguo Puesto de Auxilio inmediato (PAI) abandonado y convertirlo en la primera Estaci\u00f3n de Acci\u00f3n Segura (EAS) de la ciudad.<\/p>\n<p>\u201cRevivimos el PAI, ahora se llama EAS, trabajando de la mano con los urdesinos con Segura EP y tener un centro de mando donde monitoreamos las 402 c\u00e1maras de Urdesa\u201d, dijo durante su enlace radial semanal.<\/p>\n<p>Explic\u00f3 que todo Quito tiene 407 c\u00e1maras mientras que en Guayaquil hay m\u00e1s de 34.000. Adem\u00e1s, desde el EAS de Urdesa se realizan 60 patrullajes diarios que el segundo d\u00eda de labores ya dieron resultados con la captura de dos sujetos armados que rondaban por las calles de Urdesa.<\/p>\n<p><strong>Recuperaci\u00f3n de PAI abandonados<\/strong><br \/>\nAlvarez agreg\u00f3 que se han identificado otros PAI abandonados en Urdesa, como el que est\u00e1 al ingreso de Miraflores y otro en Lomas de Urdesa. Todos ellos ser\u00e1n recuperados de manera paulatina y el proyecto de las EAS se extender\u00e1 a otros barrios como Los Ceibos o Atarazana.<\/p>\n<p>A la inauguraci\u00f3n de la EAS se suma el esfuerzo de Siglo XXI para renovar adoquines y Obras P\u00fablicas bachea las calles y renueva las peatonales. Ya que se calcula que por la Av. V\u00edctor Emilio Estrada circulan a diario 50.000 veh\u00edculos. Cont\u00f3 que la comunidad de Urdesa, al ver el \u00e9xito de la Ruta Centro, ha pedido una iniciativa similar en esta zona del norte de la urbe, que ya se est\u00e1 estudiando.<\/p>\n<p>El burgomaestre agreg\u00f3 que en Urdesa ya se debi\u00f3 inaugurar las canchas de p\u00e1del que se construyen en la llamada \u201cCasa embrujada\u201d. \u201cPero el Ministerio de Ambiente, por una ramita que vio en la obra que va a al manglar nos suspendi\u00f3 la obra, ya lleva 5 meses que est\u00e1 paralizada\u201d.<\/p>\n<p>Record\u00f3 que en Guayaquil hay 2.300 parques y este a\u00f1o la Direcci\u00f3n de Obras P\u00fablicas inaugurar\u00e1 otros 23. En esa l\u00ednea ya est\u00e1 listo el proyecto para remodelar el parque de la Kennedy.<\/p>\n<p><strong>Nuevos buses de la Troncal 4<\/strong><br \/>\nOtro tema que abord\u00f3 el personero municipal fue la Troncal 4 con buses que tendr\u00e1n wifi, aire acondicionado, c\u00e1maras de video, botones de p\u00e1nico.<\/p>\n<p>Dijo que la transformaci\u00f3n que est\u00e1 teniendo la Metrov\u00eda ha ocasionado que el dirigente de los transportistas quiera conversar con el Municipio sobre el SITU (los buses regulares que circulan en Guayaquil).<\/p>\n<p>Por \u00faltimo, el Alcalde habl\u00f3 de la iluminaci\u00f3n de la Av. 9 de Octubre. \u201cSi usted va a la 9 de Octubre est\u00e1n prendidas las l\u00e1mparas, pero no abastecen porque son de sodio, se est\u00e1 elevando un proceso para poner nuevas leds en toda la avenida, calle Loja y Las Pe\u00f1as, pero nos frenan\u201d, concluy\u00f3.<\/p>\n","protected":false},"excerpt":{"rendered":"<p>Guayaquil.- El Alcalde Aquiles Alvarez destac\u00f3 el esfuerzo conjunto entre la comunidad de Urdesa y el Municipio de Guayaquil, a trav\u00e9s de Segura EP, para recuperar un antiguo Puesto de Auxilio inmediato (PAI) abandonado y convertirlo en la primera Estaci\u00f3n de Acci\u00f3n Segura (EAS) de la ciudad. \u201cRevivimos el PAI, ahora se llama EAS, trabajando [&hellip;]<\/p>\n","protected":false},"author":2,"featured_media":9885,"comment_status":"open","ping_status":"closed","sticky":false,"template":"","format":"standard","meta":{"_jetpack_memberships_contains_paid_content":false,"footnotes":""},"categories":[13],"tags":[1519],"class_list":["post-25968","post","type-post","status-publish","format-standard","has-post-thumbnail","hentry","category-noticias-nacionales","tag-alcalde-aquiles-alvarez"],"jetpack_featured_media_url":"https:\/\/radiocresatelital.com\/wp-content\/uploads\/2024\/01\/aquiles-700x391-1.jpg","jetpack_sharing_enabled":true,"_links":{"self":[{"href":"https:\/\/radiocresatelital.com\/index.php?rest_route=\/wp\/v2\/posts\/25968","targetHints":{"allow":["GET"]}}],"collection":[{"href":"https:\/\/radiocresatelital.com\/index.php?rest_route=\/wp\/v2\/posts"}],"about":[{"href":"https:\/\/radiocresatelital.com\/index.php?rest_route=\/wp\/v2\/types\/post"}],"author":[{"embeddable":true,"href":"https:\/\/radiocresatelital.com\/index.php?rest_route=\/wp\/v2\/users\/2"}],"replies":[{"embeddable":true,"href":"https:\/\/radiocresatelital.com\/index.php?rest_route=%2Fwp%2Fv2%2Fcomments&post=25968"}],"version-history":[{"count":1,"href":"https:\/\/radiocresatelital.com\/index.php?rest_route=\/wp\/v2\/posts\/25968\/revisions"}],"predecessor-version":[{"id":25969,"href":"https:\/\/radiocresatelital.com\/index.php?rest_route=\/wp\/v2\/posts\/25968\/revisions\/25969"}],"wp:featuredmedia":[{"embeddable":true,"href":"https:\/\/radiocresatelital.com\/index.php?rest_route=\/wp\/v2\/media\/9885"}],"wp:attachment":[{"href":"https:\/\/radiocresatelital.com\/index.php?rest_route=%2Fwp%2Fv2%2Fmedia&parent=25968"}],"wp:term":[{"taxonomy":"category","embeddable":true,"href":"https:\/\/radiocresatelital.com\/index.php?rest_route=%2Fwp%2Fv2%2Fcategories&post=25968"},{"taxonomy":"post_tag","embeddable":true,"href":"https:\/\/radiocresatelital.com\/index.php?rest_route=%2Fwp%2Fv2%2Ftags&post=25968"}],"curies":[{"name":"wp","href":"https:\/\/api.w.org\/{rel}","templated":true}]}}