{"id":25955,"date":"2025-04-01T21:45:18","date_gmt":"2025-04-01T21:45:18","guid":{"rendered":"https:\/\/radiocresatelital.com\/?p=25955"},"modified":"2025-04-01T21:45:18","modified_gmt":"2025-04-01T21:45:18","slug":"ecuatorianos-camacho-y-veliz-desde-manana-buscaran-clasificar-al-roland-garros-junior","status":"publish","type":"post","link":"https:\/\/radiocresatelital.com\/?p=25955","title":{"rendered":"Ecuatorianos Camacho y V\u00e9liz, desde ma\u00f1ana, buscar\u00e1n clasificar al Roland Garros Junior"},"content":{"rendered":"<p>Sao Paulo.- Los juveniles ecuatorianos Emilio Camacho (15 a\u00f1os de edad) y \u00c1ngel V\u00e9liz (16 a\u00f1os) debutan este mi\u00e9rcoles 2 de abril en el Roland Garros Junior Series (categor\u00eda 17 a\u00f1os), damas y varones, que tendr\u00e1 lugar en el Sociedade Harmonia de T\u00eanis, de Sao Paulo, Brasil.<\/p>\n<p>Las competencias arrancan a las 09h15, hora local (07h15, hora de Ecuador). El tenista ecuatoriano Camacho, #116 del ranking ITF Jr, enfrentar\u00e1 al chileno Benjam\u00edn P\u00e9rez (#628) en el segundo turno de la cancha 3. Integra el grupo B, junto al brasile\u00f1o Leonardo Storck Fran\u00e7a (174) y el paraguayo \u00c1lvaro Frutos (#188), que tambi\u00e9n miden fuerzas ma\u00f1ana.<\/p>\n<p>Mientras que el otro cr\u00e9dito nacional, \u00c1ngel V\u00e9liz (#202) tendr\u00e1 como rival al mexicano Luis Flores (#301), en el \u00faltimo turno de la jornada de la cancha 2. V\u00e9liz est\u00e1 en el grupo C, adem\u00e1s con el colombiano Juan Miguel Bol\u00edvar (#135) y el brasile\u00f1o Carlos Eduardo Lino (#1217).<\/p>\n<p>El torneo se realizar\u00e1 bajo el sistema de round robin de cuatro grupos de cuatro jugadores. El ganador de cada grupo avanza a semifinales. Los campeones (damas y varones) recibir\u00e1n un wild card en el cuadro principal del Roland Garros Junior 2025, a jugarse del 1 al 7 de junio en Par\u00eds (Francia).<\/p>\n<p>Con transmisiones en vivo por ESPN Brasil y Disney+ en 18 pa\u00edses, el torneo anuncia con orgullo su cuarta edici\u00f3n en Brasil &#8211; y la tercera consecutiva en S\u00e3o Paulo.<\/p>\n","protected":false},"excerpt":{"rendered":"<p>Sao Paulo.- Los juveniles ecuatorianos Emilio Camacho (15 a\u00f1os de edad) y \u00c1ngel V\u00e9liz (16 a\u00f1os) debutan este mi\u00e9rcoles 2 de abril en el Roland Garros Junior Series (categor\u00eda 17 a\u00f1os), damas y varones, que tendr\u00e1 lugar en el Sociedade Harmonia de T\u00eanis, de Sao Paulo, Brasil. Las competencias arrancan a las 09h15, hora local [&hellip;]<\/p>\n","protected":false},"author":2,"featured_media":25956,"comment_status":"open","ping_status":"closed","sticky":false,"template":"","format":"standard","meta":{"_jetpack_memberships_contains_paid_content":false,"footnotes":""},"categories":[9,64],"tags":[3928],"class_list":["post-25955","post","type-post","status-publish","format-standard","has-post-thumbnail","hentry","category-deportes","category-tenis","tag-roland-garros-junior-series"],"jetpack_featured_media_url":"https:\/\/radiocresatelital.com\/wp-content\/uploads\/2025\/04\/WhatsApp-Image-2025-04-01-at-16.44.05-1.jpeg","jetpack_sharing_enabled":true,"_links":{"self":[{"href":"https:\/\/radiocresatelital.com\/index.php?rest_route=\/wp\/v2\/posts\/25955","targetHints":{"allow":["GET"]}}],"collection":[{"href":"https:\/\/radiocresatelital.com\/index.php?rest_route=\/wp\/v2\/posts"}],"about":[{"href":"https:\/\/radiocresatelital.com\/index.php?rest_route=\/wp\/v2\/types\/post"}],"author":[{"embeddable":true,"href":"https:\/\/radiocresatelital.com\/index.php?rest_route=\/wp\/v2\/users\/2"}],"replies":[{"embeddable":true,"href":"https:\/\/radiocresatelital.com\/index.php?rest_route=%2Fwp%2Fv2%2Fcomments&post=25955"}],"version-history":[{"count":1,"href":"https:\/\/radiocresatelital.com\/index.php?rest_route=\/wp\/v2\/posts\/25955\/revisions"}],"predecessor-version":[{"id":25957,"href":"https:\/\/radiocresatelital.com\/index.php?rest_route=\/wp\/v2\/posts\/25955\/revisions\/25957"}],"wp:featuredmedia":[{"embeddable":true,"href":"https:\/\/radiocresatelital.com\/index.php?rest_route=\/wp\/v2\/media\/25956"}],"wp:attachment":[{"href":"https:\/\/radiocresatelital.com\/index.php?rest_route=%2Fwp%2Fv2%2Fmedia&parent=25955"}],"wp:term":[{"taxonomy":"category","embeddable":true,"href":"https:\/\/radiocresatelital.com\/index.php?rest_route=%2Fwp%2Fv2%2Fcategories&post=25955"},{"taxonomy":"post_tag","embeddable":true,"href":"https:\/\/radiocresatelital.com\/index.php?rest_route=%2Fwp%2Fv2%2Ftags&post=25955"}],"curies":[{"name":"wp","href":"https:\/\/api.w.org\/{rel}","templated":true}]}}