{"id":25952,"date":"2025-04-01T21:35:00","date_gmt":"2025-04-01T21:35:00","guid":{"rendered":"https:\/\/radiocresatelital.com\/?p=25952"},"modified":"2025-04-01T21:35:00","modified_gmt":"2025-04-01T21:35:00","slug":"movistar-best-pc-se-estrena-en-el-salvador","status":"publish","type":"post","link":"https:\/\/radiocresatelital.com\/?p=25952","title":{"rendered":"Movistar Best PC se estrena en El Salvador"},"content":{"rendered":"<p>San Salvador.- La actual campeona nacional de ruta, Natalia V\u00e1squez, se ubic\u00f3 en el puesto 32 en el Grand Prix Boquer\u00f3n, que se desarroll\u00f3 este martes 1 de abril en San Salvador, El Salvador.<\/p>\n<p>La prueba cont\u00f3 con la participaron de 105 ciclistas de todo el mundo y fue ganada por la suiza Petra Stiasny (Roland), quien cumpli\u00f3 con el recorrido de la crono escalada de 9 kil\u00f3metros con un tiempo de 32 minutos y 51 segundos.<\/p>\n<p>\u201cLa cronoescalada estuvo s\u00faper dura la verdad. El nivel de las chicas fue muy alto, pero trat\u00e9 de dar los mejor de m\u00ed, y estoy emocionada para los siguientes d\u00edas\u201d, se\u00f1al\u00f3 V\u00e1squez.<\/p>\n<p>Adem\u00e1s, los 36 minutos y 39 segundos que marc\u00f3 Natalia le permitieron ubicarse tercera entre las ecuatorianas y conform\u00f3 el top ten en la categor\u00eda sub 23.<\/p>\n<p>Por su parte, sus compa\u00f1eras del <strong>Movistar<\/strong> <strong>Best<\/strong> <strong>PC<\/strong> se colocaron de la siguiente manera: Ana Sol Salgado en el puesto 47, Marcela Pe\u00f1afiel en el 58, Ana Mar\u00eda Torres (66) y Camila Vega en el 84.<\/p>\n<p>Ma\u00f1ana en cambio iniciar\u00e1 el Tour al Salvador, con un pr\u00f3logo de 2,7 kil\u00f3metros en la capital de El Salvador, San Salvador.<\/p>\n","protected":false},"excerpt":{"rendered":"<p>San Salvador.- La actual campeona nacional de ruta, Natalia V\u00e1squez, se ubic\u00f3 en el puesto 32 en el Grand Prix Boquer\u00f3n, que se desarroll\u00f3 este martes 1 de abril en San Salvador, El Salvador. La prueba cont\u00f3 con la participaron de 105 ciclistas de todo el mundo y fue ganada por la suiza Petra Stiasny [&hellip;]<\/p>\n","protected":false},"author":2,"featured_media":25953,"comment_status":"open","ping_status":"closed","sticky":false,"template":"","format":"standard","meta":{"_jetpack_memberships_contains_paid_content":false,"footnotes":""},"categories":[120,9],"tags":[1029],"class_list":["post-25952","post","type-post","status-publish","format-standard","has-post-thumbnail","hentry","category-ciclismo","category-deportes","tag-movistar-best-pc"],"jetpack_featured_media_url":"https:\/\/radiocresatelital.com\/wp-content\/uploads\/2025\/04\/WhatsApp-Image-2025-04-01-at-16.24.04.jpeg","jetpack_sharing_enabled":true,"_links":{"self":[{"href":"https:\/\/radiocresatelital.com\/index.php?rest_route=\/wp\/v2\/posts\/25952","targetHints":{"allow":["GET"]}}],"collection":[{"href":"https:\/\/radiocresatelital.com\/index.php?rest_route=\/wp\/v2\/posts"}],"about":[{"href":"https:\/\/radiocresatelital.com\/index.php?rest_route=\/wp\/v2\/types\/post"}],"author":[{"embeddable":true,"href":"https:\/\/radiocresatelital.com\/index.php?rest_route=\/wp\/v2\/users\/2"}],"replies":[{"embeddable":true,"href":"https:\/\/radiocresatelital.com\/index.php?rest_route=%2Fwp%2Fv2%2Fcomments&post=25952"}],"version-history":[{"count":1,"href":"https:\/\/radiocresatelital.com\/index.php?rest_route=\/wp\/v2\/posts\/25952\/revisions"}],"predecessor-version":[{"id":25954,"href":"https:\/\/radiocresatelital.com\/index.php?rest_route=\/wp\/v2\/posts\/25952\/revisions\/25954"}],"wp:featuredmedia":[{"embeddable":true,"href":"https:\/\/radiocresatelital.com\/index.php?rest_route=\/wp\/v2\/media\/25953"}],"wp:attachment":[{"href":"https:\/\/radiocresatelital.com\/index.php?rest_route=%2Fwp%2Fv2%2Fmedia&parent=25952"}],"wp:term":[{"taxonomy":"category","embeddable":true,"href":"https:\/\/radiocresatelital.com\/index.php?rest_route=%2Fwp%2Fv2%2Fcategories&post=25952"},{"taxonomy":"post_tag","embeddable":true,"href":"https:\/\/radiocresatelital.com\/index.php?rest_route=%2Fwp%2Fv2%2Ftags&post=25952"}],"curies":[{"name":"wp","href":"https:\/\/api.w.org\/{rel}","templated":true}]}}