{"id":25893,"date":"2025-03-31T21:00:48","date_gmt":"2025-03-31T21:00:48","guid":{"rendered":"https:\/\/radiocresatelital.com\/?p=25893"},"modified":"2025-03-31T23:05:05","modified_gmt":"2025-03-31T23:05:05","slug":"liderazgo-femenino-clave-para-desarrollo-economico-del-ecuador-afirman-autoridades-y-lideres-empresariales-en-masivo-encuentro-por-la-equidad-de-genero","status":"publish","type":"post","link":"https:\/\/radiocresatelital.com\/?p=25893","title":{"rendered":"Liderazgo femenino clave para desarrollo econ\u00f3mico del Ecuador, afirman autoridades y l\u00edderes empresariales en masivo encuentro por la equidad de g\u00e9nero"},"content":{"rendered":"<p>Quito.- Con la destacada presencia de la Ministra Gabriela Sommerfeld, CEO\u00b4S y speakers internacionales, se realiz\u00f3 conbgran \u00e9xito el VIII Foro \u00abLiderazgo de Mujeres en la Transformaci\u00f3n Empresarial\u00bb, evento que reuni\u00f3 a m\u00e1s de 500 asistentes provenientes de diversos sectores econ\u00f3micos, cuerpo consular, empresarios, l\u00edderes de pueblos y nacionales ind\u00edgenas y p\u00fablico en general. Este foro ha sido pionero en Ecuador en impulsar estos espacios dedicados al liderazgo femenino.<\/p>\n<p>Mar\u00eda Rosa Tapia, mencion\u00f3 que \u201cNos encontramos en un momento crucial para reflexionar sobre la realidad del liderazgo femenino en Ecuador y en el mundo corporativo. Desde Seminarium, creemos<br \/>\nfirmemente que el liderazgo de mujeres no es solo una cuesti\u00f3n de equidad, sino una apuesta estrat\u00e9gica por la innovaci\u00f3n, la sostenibilidad y el desarrollo econ\u00f3mico y social de nuestro pa\u00eds.\u201d<\/p>\n<p>En un emotivo mensaje, durante el acto de inaguraci\u00f3n Sommerfeld a\u00f1adi\u00f3: \u00abQuiero reconocer y alentar a todas las mujeres que han abierto camino en el \u00e1mbito empresarial. El acceso a la educaci\u00f3n es imperativo; personalmente, me dio libertad, independencia, voz y seguridad. Las mujeres han demostrado ampliamente su capacidad en la administraci\u00f3n econ\u00f3mica y empresarial. Hoy celebramos que Ecuador ocupa el puesto 16 en la reducci\u00f3n de la brecha de g\u00e9nero entre 146 pa\u00edses en el \u00e1mbito p\u00fablico\u00bb.<\/p>\n<p>Por su parte, Mar\u00eda Jos\u00e9 Pinto, Ex \u2013 Secretaria T\u00e9cnica de Ecuador Crece Sin Desnutrici\u00f3n Infantil, hizo un llamado urgente a reducir las brechas de g\u00e9nero, se\u00f1alando: \u00abEl Ecuador necesita pol\u00edticas p\u00fablicas concretas y acciones empresariales comprometidas con la equidad; s\u00f3lo as\u00ed podremos impulsar el verdadero potencial de nuestro pa\u00eds\u00bb. Pinto tambi\u00e9n recalc\u00f3: \u00abEs fundamental reconocer y empoderar a las mujeres l\u00edderes de los pueblos y nacionalidades ind\u00edgenas, cuya voz es indispensable en esta transformaci\u00f3n\u00bb.<\/p>\n<p>Durante el foro una de las keynote speakers, Isabel Bucaram destac\u00f3 que solo el 34% de las mujeres est\u00e1n inmersas en cargos jer\u00e1rquicos y \u00fanicamente 6 pa\u00edses en el mundo tienen una verdadera paridad de g\u00e9nero. Su conferencia se enfoc\u00f3 sobre la equidad de g\u00e9nero en el mercado laboral y sobre las estrategias clave para potenciar la capacidad del networking y lograr un crecimiento profesional de alto<br \/>\nimpacto.<\/p>\n<p>En el panel sobre el Rol de la equidad de g\u00e9nero en la transici\u00f3n energ\u00e9tica, Rebeca Illescas Viceministra de Minas mencion\u00f3: \u00abLa participaci\u00f3n de las mujeres en el sector energ\u00e9tico es marginal. Desde<br \/>\nel Gobierno se plantean estrategias para incorporarlas a trav\u00e9s de pol\u00edticas p\u00fablicas y educaci\u00f3n especializada. El pa\u00eds es pionero en leyes como la Ley de Econom\u00eda Violeta, aunque en el sector hidrocarburos a\u00fan no alcanzamos ni al 15%\u00bb.<\/p>\n<p>Iliana Rodr\u00edguez de Woman in Mining anunci\u00f3 los resultados de la segunda encuesta de g\u00e9nero en el sector minero, realizada en marzo de 2025, donde la participaci\u00f3n femenina aument\u00f3 al 19%, dos puntos m\u00e1s que en a\u00f1os anteriores.<\/p>\n<p>Desde la perspectiva empresarial, se subray\u00f3 la importancia de brindar oportunidades laborales equitativas. Incrementar el porcentaje de mujeres del 19% al 25% en cinco a\u00f1os, no por \u00edndices num\u00e9ricos sino por m\u00e9ritos y capacidades. El objetivo es inspirar a m\u00e1s mujeres hacia una vida profesional exitosa.<\/p>\n<p>El evento concluy\u00f3 reafirmando el compromiso de seguir fortaleciendo la participaci\u00f3n femenina en todos los \u00e1mbitos empresariales y sociales, destacando la necesidad de continuar abriendo espacios que<br \/>\npromuevan una transformaci\u00f3n real y efectiva hacia la equidad de g\u00e9nero en Ecuador.<\/p>\n","protected":false},"excerpt":{"rendered":"<p>Quito.- Con la destacada presencia de la Ministra Gabriela Sommerfeld, CEO\u00b4S y speakers internacionales, se realiz\u00f3 conbgran \u00e9xito el VIII Foro \u00abLiderazgo de Mujeres en la Transformaci\u00f3n Empresarial\u00bb, evento que reuni\u00f3 a m\u00e1s de 500 asistentes provenientes de diversos sectores econ\u00f3micos, cuerpo consular, empresarios, l\u00edderes de pueblos y nacionales ind\u00edgenas y p\u00fablico en general. Este [&hellip;]<\/p>\n","protected":false},"author":2,"featured_media":25894,"comment_status":"open","ping_status":"closed","sticky":false,"template":"","format":"standard","meta":{"_jetpack_memberships_contains_paid_content":false,"footnotes":""},"categories":[13],"tags":[3909],"class_list":["post-25893","post","type-post","status-publish","format-standard","has-post-thumbnail","hentry","category-noticias-nacionales","tag-liderazgo-de-mujeres-en-la-transformacion-empresarial"],"jetpack_featured_media_url":"https:\/\/radiocresatelital.com\/wp-content\/uploads\/2025\/03\/WhatsApp-Image-2025-03-31-at-18.03.56-scaled.jpeg","jetpack_sharing_enabled":true,"_links":{"self":[{"href":"https:\/\/radiocresatelital.com\/index.php?rest_route=\/wp\/v2\/posts\/25893","targetHints":{"allow":["GET"]}}],"collection":[{"href":"https:\/\/radiocresatelital.com\/index.php?rest_route=\/wp\/v2\/posts"}],"about":[{"href":"https:\/\/radiocresatelital.com\/index.php?rest_route=\/wp\/v2\/types\/post"}],"author":[{"embeddable":true,"href":"https:\/\/radiocresatelital.com\/index.php?rest_route=\/wp\/v2\/users\/2"}],"replies":[{"embeddable":true,"href":"https:\/\/radiocresatelital.com\/index.php?rest_route=%2Fwp%2Fv2%2Fcomments&post=25893"}],"version-history":[{"count":1,"href":"https:\/\/radiocresatelital.com\/index.php?rest_route=\/wp\/v2\/posts\/25893\/revisions"}],"predecessor-version":[{"id":25895,"href":"https:\/\/radiocresatelital.com\/index.php?rest_route=\/wp\/v2\/posts\/25893\/revisions\/25895"}],"wp:featuredmedia":[{"embeddable":true,"href":"https:\/\/radiocresatelital.com\/index.php?rest_route=\/wp\/v2\/media\/25894"}],"wp:attachment":[{"href":"https:\/\/radiocresatelital.com\/index.php?rest_route=%2Fwp%2Fv2%2Fmedia&parent=25893"}],"wp:term":[{"taxonomy":"category","embeddable":true,"href":"https:\/\/radiocresatelital.com\/index.php?rest_route=%2Fwp%2Fv2%2Fcategories&post=25893"},{"taxonomy":"post_tag","embeddable":true,"href":"https:\/\/radiocresatelital.com\/index.php?rest_route=%2Fwp%2Fv2%2Ftags&post=25893"}],"curies":[{"name":"wp","href":"https:\/\/api.w.org\/{rel}","templated":true}]}}