{"id":25876,"date":"2025-03-31T21:49:49","date_gmt":"2025-03-31T21:49:49","guid":{"rendered":"https:\/\/radiocresatelital.com\/?p=25876"},"modified":"2025-03-31T21:49:49","modified_gmt":"2025-03-31T21:49:49","slug":"fedexpor-y-amcham-impulsan-la-relacion-comercial-ecuador-ee-uu-con-carta-de-motivacion-enviada-a-la-oficina-del-representante-de-comercio-ustr","status":"publish","type":"post","link":"https:\/\/radiocresatelital.com\/?p=25876","title":{"rendered":"FEDEXPOR y AMCHAM impulsan la relaci\u00f3n comercial Ecuador &#8211; EE.UU. con carta de motivaci\u00f3n enviada a la oficina del representante de Comercio (USTR)"},"content":{"rendered":"<p>Quito.- La Federaci\u00f3n Ecuatoriana de Exportadores FEDEXPOR y la C\u00e1mara de Comercio Ecuatoriano Americana AMCHAM , como parte de las acciones impulsadas por el sector privado ecuatoriano y americano para ser parte del listado de pa\u00edses con los cuales EE. UU. podr\u00edan iniciar un proceso de negociaci\u00f3n comercial, enviaron una carta a la Oficina del Representante de Comercio de los Estados Unidos (USTR) destacando las oportunidades de expansi\u00f3n que pueden concretarse para empresas ecuatorianas y americanas profundizando las relaciones de inversiones y comercio entre ambos pa\u00edses.<\/p>\n<p>La carta dirigida al m\u00e1s alto personero del USTR, el Embajador Jamieson Greer, tuvo como prop\u00f3sito posicionar el inter\u00e9s y compromiso del sector privado ecuatoriano, as\u00ed como de las empresas americanas que operan en el Ecuador, en promover mejores condiciones al entorno de negocios, mutua prosperidad y creaci\u00f3n de empleos vinculados al comercio e inversiones bilaterales.<\/p>\n<p>Esta iniciativa se enmarca en el anuncio de la pol\u00edtica comercial \u201cAmerica First Trade Policy\u201d emitida por la administraci\u00f3n del presidente Trump que dispone al USTR identificar los pa\u00edses con los cuales los Estados Unidos podr\u00eda negociar acuerdos comerciales bilaterales; y, por otra parte, ordena una exhaustiva revisi\u00f3n de pr\u00e1cticas de comercio injusto y desequilibrado que podr\u00edan resultar en medidas de pol\u00edtica arancelaria por parte de los Estados Unidos.<\/p>\n<p>En esa l\u00ednea, el comunicado enviado por FEDEXPOR y AMCHAM puso de manifiesto los argumentos por los cuales el Ecuador se ha consolidado como un socio altamente complementario con los Estados Unidos en materia comercial.<\/p>\n<p>Al respecto Felipe Espinosa, Presidente Ejecutivo de AMCHAM, precis\u00f3 que \u201cLos EE.UU. siguen siendo nuestro principal socio comercial, las compa\u00f1\u00edas americanas han estado presentes en nuestro pa\u00eds desde hace muchos a\u00f1os y vemos gran potencial en incrementar las relaciones econ\u00f3micas e inversiones en sectores estrat\u00e9gicos.<\/p>\n<p>Somos econom\u00edas complementarias y debemos ser optimistas en que la relaci\u00f3n comercial entre ambos pa\u00edses siga creciendo, pues esto nos permitir\u00e1 una econom\u00eda m\u00e1s s\u00f3lida, la generaci\u00f3n de empleo y el fortalecimiento de la dolarizaci\u00f3n. Aprovechar tambi\u00e9n que el buen nivel de las relaciones bilaterales permita que EE.UU. siga siendo fuente importante de cooperaci\u00f3n en materia de seguridad y lucha contra el crimen organizado\u2026\u201d.<\/p>\n<p>Por su parte, Felipe Ribadeneira, Presidente Ejecutivo de FEDEXPOR, se\u00f1al\u00f3 que existe un potencial de m\u00e1s de 300 millones de d\u00f3lares anuales en incremento de exportaciones a los Estados Unidos con productos que complementan la oferta en ese mercado; mientras que, en t\u00e9rminos de importaciones, la econom\u00eda norteamericana es proveedora de maquinaria, equipos intensivos en tecnolog\u00eda y servicios que son considerados estrat\u00e9gicos para la tecnificaci\u00f3n del sector productivo ecuatoriano y se encuentran identificadas como sectores clave por la administraci\u00f3n del Presidente Trump.<\/p>\n<p>Paralelamente, AMCHAM y FEDEXPOR coordinaron y motivaron el env\u00edo de m\u00e1s comunicaciones al USTR por parte de empresas ecuatorianas, as\u00ed como empresas localizadas en Estados Unidos que mantienen relaci\u00f3n comercial con Ecuador para dar muestra de los potenciales beneficios de considerar positivamente al Ecuador dentro de la pol\u00edtica \u201cAmerica First Trade Policy\u201d.<\/p>\n","protected":false},"excerpt":{"rendered":"<p>Quito.- La Federaci\u00f3n Ecuatoriana de Exportadores FEDEXPOR y la C\u00e1mara de Comercio Ecuatoriano Americana AMCHAM , como parte de las acciones impulsadas por el sector privado ecuatoriano y americano para ser parte del listado de pa\u00edses con los cuales EE. UU. podr\u00edan iniciar un proceso de negociaci\u00f3n comercial, enviaron una carta a la Oficina del [&hellip;]<\/p>\n","protected":false},"author":2,"featured_media":25877,"comment_status":"open","ping_status":"closed","sticky":false,"template":"","format":"standard","meta":{"_jetpack_memberships_contains_paid_content":false,"footnotes":""},"categories":[13],"tags":[3159,3901],"class_list":["post-25876","post","type-post","status-publish","format-standard","has-post-thumbnail","hentry","category-noticias-nacionales","tag-camara-de-comercio-ecuatoriano-americana","tag-federacion-ecuatoriana-de-exportadores"],"jetpack_featured_media_url":"https:\/\/radiocresatelital.com\/wp-content\/uploads\/2025\/03\/shutterstock_1106856248.jpg","jetpack_sharing_enabled":true,"_links":{"self":[{"href":"https:\/\/radiocresatelital.com\/index.php?rest_route=\/wp\/v2\/posts\/25876","targetHints":{"allow":["GET"]}}],"collection":[{"href":"https:\/\/radiocresatelital.com\/index.php?rest_route=\/wp\/v2\/posts"}],"about":[{"href":"https:\/\/radiocresatelital.com\/index.php?rest_route=\/wp\/v2\/types\/post"}],"author":[{"embeddable":true,"href":"https:\/\/radiocresatelital.com\/index.php?rest_route=\/wp\/v2\/users\/2"}],"replies":[{"embeddable":true,"href":"https:\/\/radiocresatelital.com\/index.php?rest_route=%2Fwp%2Fv2%2Fcomments&post=25876"}],"version-history":[{"count":1,"href":"https:\/\/radiocresatelital.com\/index.php?rest_route=\/wp\/v2\/posts\/25876\/revisions"}],"predecessor-version":[{"id":25878,"href":"https:\/\/radiocresatelital.com\/index.php?rest_route=\/wp\/v2\/posts\/25876\/revisions\/25878"}],"wp:featuredmedia":[{"embeddable":true,"href":"https:\/\/radiocresatelital.com\/index.php?rest_route=\/wp\/v2\/media\/25877"}],"wp:attachment":[{"href":"https:\/\/radiocresatelital.com\/index.php?rest_route=%2Fwp%2Fv2%2Fmedia&parent=25876"}],"wp:term":[{"taxonomy":"category","embeddable":true,"href":"https:\/\/radiocresatelital.com\/index.php?rest_route=%2Fwp%2Fv2%2Fcategories&post=25876"},{"taxonomy":"post_tag","embeddable":true,"href":"https:\/\/radiocresatelital.com\/index.php?rest_route=%2Fwp%2Fv2%2Ftags&post=25876"}],"curies":[{"name":"wp","href":"https:\/\/api.w.org\/{rel}","templated":true}]}}