{"id":25864,"date":"2025-03-31T21:26:38","date_gmt":"2025-03-31T21:26:38","guid":{"rendered":"https:\/\/radiocresatelital.com\/?p=25864"},"modified":"2025-03-31T21:26:38","modified_gmt":"2025-03-31T21:26:38","slug":"guayaquil-tendra-su-pista-emilio-estrada-renovada","status":"publish","type":"post","link":"https:\/\/radiocresatelital.com\/?p=25864","title":{"rendered":"Guayaquil tendr\u00e1 su pista \u201cEmilio Estrada\u201d renovada"},"content":{"rendered":"<p>Guayaquil.- Este lunes 31 de marzo, el Ministerio del Deporte y la Federaci\u00f3n Deportiva del Guayas anunciaron la repotenciaci\u00f3n de la hist\u00f3rica pista atl\u00e9tica \u201cEmilio Estrada Ycaza\u201d, gracias a una inversi\u00f3n de $230.000 del Gobierno Nacional, en el marco de los Juegos Nacionales de Menores que se celebrar\u00e1n en octubre en Guayas.<\/p>\n<p>El proyecto, impulsado por el presidente de Fedeguayas, Roberto Ib\u00e1\u00f1ez, y respaldado por el ministro Jos\u00e9 David Jim\u00e9nez, contempla la instalaci\u00f3n de una nueva superficie sint\u00e9tica de 15 mm, adem\u00e1s de la rehabilitaci\u00f3n de bordillos, carrileras, camerinos y bater\u00edas sanitarias.<\/p>\n<p>Construida en 1940 y transformada en pista sint\u00e9tica en 2020 bajo la administraci\u00f3n de Ib\u00e1\u00f1ez, este espacio es clave para el alto rendimiento y la formaci\u00f3n de nuevas generaciones de atletas en disciplinas como salto, lanzamientos y carreras.<\/p>\n<p>\u201cEsta obra representa un legado tangible para el deporte ecuatoriano\u201d, destac\u00f3 Ib\u00e1\u00f1ez, mientras que el ministro Jim\u00e9nez enfatiz\u00f3: \u201cCon el deporte se forman los mejores ecuatorianos\u201d.<\/p>\n<p>&nbsp;<\/p>\n","protected":false},"excerpt":{"rendered":"<p>Guayaquil.- Este lunes 31 de marzo, el Ministerio del Deporte y la Federaci\u00f3n Deportiva del Guayas anunciaron la repotenciaci\u00f3n de la hist\u00f3rica pista atl\u00e9tica \u201cEmilio Estrada Ycaza\u201d, gracias a una inversi\u00f3n de $230.000 del Gobierno Nacional, en el marco de los Juegos Nacionales de Menores que se celebrar\u00e1n en octubre en Guayas. El proyecto, impulsado [&hellip;]<\/p>\n","protected":false},"author":2,"featured_media":25865,"comment_status":"open","ping_status":"closed","sticky":false,"template":"","format":"standard","meta":{"_jetpack_memberships_contains_paid_content":false,"footnotes":""},"categories":[9],"tags":[993,169,4056],"class_list":["post-25864","post","type-post","status-publish","format-standard","has-post-thumbnail","hentry","category-deportes","tag-federacion-deportiva-del-guayas","tag-ministerio-del-deporte","tag-pista-atletica-emilio-estrada-ycaza"],"jetpack_featured_media_url":"https:\/\/radiocresatelital.com\/wp-content\/uploads\/2025\/03\/54421330797_b549191bf6_c.jpg","jetpack_sharing_enabled":true,"_links":{"self":[{"href":"https:\/\/radiocresatelital.com\/index.php?rest_route=\/wp\/v2\/posts\/25864","targetHints":{"allow":["GET"]}}],"collection":[{"href":"https:\/\/radiocresatelital.com\/index.php?rest_route=\/wp\/v2\/posts"}],"about":[{"href":"https:\/\/radiocresatelital.com\/index.php?rest_route=\/wp\/v2\/types\/post"}],"author":[{"embeddable":true,"href":"https:\/\/radiocresatelital.com\/index.php?rest_route=\/wp\/v2\/users\/2"}],"replies":[{"embeddable":true,"href":"https:\/\/radiocresatelital.com\/index.php?rest_route=%2Fwp%2Fv2%2Fcomments&post=25864"}],"version-history":[{"count":1,"href":"https:\/\/radiocresatelital.com\/index.php?rest_route=\/wp\/v2\/posts\/25864\/revisions"}],"predecessor-version":[{"id":25866,"href":"https:\/\/radiocresatelital.com\/index.php?rest_route=\/wp\/v2\/posts\/25864\/revisions\/25866"}],"wp:featuredmedia":[{"embeddable":true,"href":"https:\/\/radiocresatelital.com\/index.php?rest_route=\/wp\/v2\/media\/25865"}],"wp:attachment":[{"href":"https:\/\/radiocresatelital.com\/index.php?rest_route=%2Fwp%2Fv2%2Fmedia&parent=25864"}],"wp:term":[{"taxonomy":"category","embeddable":true,"href":"https:\/\/radiocresatelital.com\/index.php?rest_route=%2Fwp%2Fv2%2Fcategories&post=25864"},{"taxonomy":"post_tag","embeddable":true,"href":"https:\/\/radiocresatelital.com\/index.php?rest_route=%2Fwp%2Fv2%2Ftags&post=25864"}],"curies":[{"name":"wp","href":"https:\/\/api.w.org\/{rel}","templated":true}]}}