{"id":25861,"date":"2025-03-31T21:20:40","date_gmt":"2025-03-31T21:20:40","guid":{"rendered":"https:\/\/radiocresatelital.com\/?p=25861"},"modified":"2025-03-31T21:20:40","modified_gmt":"2025-03-31T21:20:40","slug":"segunda-edicion-de-ruta-centro-congrego-a-mas-de-6-500-personas","status":"publish","type":"post","link":"https:\/\/radiocresatelital.com\/?p=25861","title":{"rendered":"Segunda edici\u00f3n de Ruta Centro congreg\u00f3 a m\u00e1s de 6.500 personas"},"content":{"rendered":"<p>Guayaquil.- Con \u00e9xito se cumpli\u00f3 este domingo la Ruta Centro, en su segunda edici\u00f3n. M\u00e1s de 6.500 personas concurrieron a la calle Panam\u00e1, el Malec\u00f3n Sim\u00f3n Bol\u00edvar y la avenida 9 de Octubre, que fueron peatonalizadas para las actividades deportivas, recreativas y familiares que impulsa el Municipio de Guayaquil.<\/p>\n<p>Como ocurri\u00f3 en la primera edici\u00f3n, el Malec\u00f3n Sim\u00f3n Bol\u00edvar fue peatonalizado de 6:00 a 12:00 lo que fue aprovechado por los ciudadanos para correr, caminar, trotar, andar en bicicleta, patines o patinetas. De all\u00ed que la Municipalidad dispuso que este programa sea permanente, todos los domingos.<\/p>\n<p>La calle Panam\u00e1, desde Loja hasta 9 de Octubre fue cerrada al tr\u00e1fico de 6:00 a 16:00. Las familias disfrutaron de las actividades programadas por las direcciones de Turismo y Eventos Especiales, Protecci\u00f3n de los Derechos de los Animales, DASE, ATM, Zumar, Segura EP, \u00c9PICO, entre otras.<\/p>\n<p>Entre las atracciones estuvieron el Festival de la alegr\u00eda, con payasos, malabaristas y magos, en la esquina de 9 de Octubre y Panam\u00e1; el circo de Arte Nativo, juegos de espadas, bailes modernos, demostraci\u00f3n con perros amaestrados, en la Plaza de los Teatros.<\/p>\n<p>Tambi\u00e9n hubo actividades l\u00fadicas como simuladores y trivias sobre temas de tr\u00e1nsito, campa\u00f1a de vacunaci\u00f3n para mascotas, show de tango, milonga y chacareras, presentaci\u00f3n de grupos de rock, entre otros eventos.<\/p>\n<p>La vicealcaldesa Blanca L\u00f3pez destac\u00f3 la \u201cgran acogida, demostrando que el espacio p\u00fablico s\u00ed puede ser ocupado por los peatones, ciclistas y deportistas que podemos juntarlos con arte, con cultura, deporte, m\u00fasica y alegr\u00eda y con los stands de nuestros emprendedores para seguir impulsando la econom\u00eda local\u201d.<\/p>\n<p>En la calle Panam\u00e1, m\u00e1s de 50 emprendedores capacitados por \u00c9pico ofrecieron sus productos, ni\u00f1os y j\u00f3venes pintores que son parte de los Centros de Arte Zumar expusieron sus obras; a esto se sum\u00f3 la feria de servicios ciudadanos en la Plaza de la Administraci\u00f3n, con stands de la Direcci\u00f3n de Patrimonio Cultural, de Inclusi\u00f3n Social, Circular EP, ATM, Vinculaci\u00f3n con la Comunidad y Registro Civil.<\/p>\n<p>El Municipio invita a la ciudadan\u00eda a que todos los domingos acuda a estos sectores para que se apropien de estos espacios, para el entretenimiento y la reconstrucci\u00f3n de tejido social en la Ciudad de Todos.<\/p>\n","protected":false},"excerpt":{"rendered":"<p>Guayaquil.- Con \u00e9xito se cumpli\u00f3 este domingo la Ruta Centro, en su segunda edici\u00f3n. M\u00e1s de 6.500 personas concurrieron a la calle Panam\u00e1, el Malec\u00f3n Sim\u00f3n Bol\u00edvar y la avenida 9 de Octubre, que fueron peatonalizadas para las actividades deportivas, recreativas y familiares que impulsa el Municipio de Guayaquil. Como ocurri\u00f3 en la primera edici\u00f3n, [&hellip;]<\/p>\n","protected":false},"author":2,"featured_media":25862,"comment_status":"open","ping_status":"closed","sticky":false,"template":"","format":"standard","meta":{"_jetpack_memberships_contains_paid_content":false,"footnotes":""},"categories":[13],"tags":[4007],"class_list":["post-25861","post","type-post","status-publish","format-standard","has-post-thumbnail","hentry","category-noticias-nacionales","tag-ruta-centro"],"jetpack_featured_media_url":"https:\/\/radiocresatelital.com\/wp-content\/uploads\/2025\/03\/WhatsApp-Image-2025-03-31-at-16.15.32.jpeg","jetpack_sharing_enabled":true,"_links":{"self":[{"href":"https:\/\/radiocresatelital.com\/index.php?rest_route=\/wp\/v2\/posts\/25861","targetHints":{"allow":["GET"]}}],"collection":[{"href":"https:\/\/radiocresatelital.com\/index.php?rest_route=\/wp\/v2\/posts"}],"about":[{"href":"https:\/\/radiocresatelital.com\/index.php?rest_route=\/wp\/v2\/types\/post"}],"author":[{"embeddable":true,"href":"https:\/\/radiocresatelital.com\/index.php?rest_route=\/wp\/v2\/users\/2"}],"replies":[{"embeddable":true,"href":"https:\/\/radiocresatelital.com\/index.php?rest_route=%2Fwp%2Fv2%2Fcomments&post=25861"}],"version-history":[{"count":1,"href":"https:\/\/radiocresatelital.com\/index.php?rest_route=\/wp\/v2\/posts\/25861\/revisions"}],"predecessor-version":[{"id":25863,"href":"https:\/\/radiocresatelital.com\/index.php?rest_route=\/wp\/v2\/posts\/25861\/revisions\/25863"}],"wp:featuredmedia":[{"embeddable":true,"href":"https:\/\/radiocresatelital.com\/index.php?rest_route=\/wp\/v2\/media\/25862"}],"wp:attachment":[{"href":"https:\/\/radiocresatelital.com\/index.php?rest_route=%2Fwp%2Fv2%2Fmedia&parent=25861"}],"wp:term":[{"taxonomy":"category","embeddable":true,"href":"https:\/\/radiocresatelital.com\/index.php?rest_route=%2Fwp%2Fv2%2Fcategories&post=25861"},{"taxonomy":"post_tag","embeddable":true,"href":"https:\/\/radiocresatelital.com\/index.php?rest_route=%2Fwp%2Fv2%2Ftags&post=25861"}],"curies":[{"name":"wp","href":"https:\/\/api.w.org\/{rel}","templated":true}]}}