{"id":25762,"date":"2025-03-27T22:45:30","date_gmt":"2025-03-27T22:45:30","guid":{"rendered":"https:\/\/radiocresatelital.com\/?p=25762"},"modified":"2025-03-27T22:45:30","modified_gmt":"2025-03-27T22:45:30","slug":"fc-barcelona-gana-a-osasuna-y-recupera-liderato-de-la-liga-espanola","status":"publish","type":"post","link":"https:\/\/radiocresatelital.com\/?p=25762","title":{"rendered":"FC Barcelona gana a Osasuna y recupera liderato de la Liga Espa\u00f1ola"},"content":{"rendered":"<p>Barcelona.- El FC Barcelona obtuvo un importante triunfo sobre Osasuna por pizarra de 3 goles a 0 en condici\u00f3n de local quedando nuevamete como \u00fanico l\u00edder de la Liga de Espa\u00f1a en partido pendiente de la fecha 27 del torneo que hab\u00eda sido suspendido por la muerte de Carles Minarro Garc\u00eda, m\u00e9dico del plantel \u00abblaugrana\u00bb.<\/p>\n<p>Garc\u00eda, que ten\u00eda 40 a\u00f1os y falleci\u00f3 el pasado s\u00e1bado 8, encabezaba el cuerpo m\u00e9dico del primer equipo del Barcelona en esta temporada tras haber trabajado con la formaci\u00f3n de futsal.<\/p>\n<p>Ferran Torres abri\u00f3 el marcador a los 11&#8242;, Dani Olmo aument\u00f3 la ventaja a los 21&#8242; (de penal) y el polaco Robert Lewandowski puso cifras definitivas a los 77&#8242; a la victoria del Barcelona en el partido disputado en el Estadio Ol\u00edmpico de Montjuic.<\/p>\n<p>Con este resultado, el equipo catal\u00e1n del DT alem\u00e1n Hans-Dieter Flick escal\u00f3 al primer puesto de la Liga con 63 puntos, tres m\u00e1s que Real Madrid, campe\u00f3n defensor, y siete m\u00e1s que Atl\u00e9tico Madrid, su rival en semifinales de la Copa del Rey (igualaron 4-4 en la ida y la revancha ser\u00e1 el 2 de abril en el Wanda Metropolitano).<\/p>\n<p>Adem\u00e1s, Barcelona tambi\u00e9n sigue en carrera en la Champions League, en cuyos cuartos de final enfrentar\u00e1 al Borussia Dortmund, al cual recibir\u00e1 en la ida prevista el 9 de abril y al cual visitar\u00e1 en la revancha programada seis d\u00edas despu\u00e9s.<\/p>\n<p>En cuanto a la definici\u00f3n de la Liga, el pr\u00f3ximo compromiso del Barcelona ser\u00e1 el domingo 30, cuando recibir\u00e1 al Girona, decimotercero con 34 puntos, por la fecha n\u00famero 29 del torneo, en la que Real Madrid ser\u00e1 local un d\u00eda antes del Legan\u00e9s, pen\u00faltimo con 27 unidades.<\/p>\n","protected":false},"excerpt":{"rendered":"<p>Barcelona.- El FC Barcelona obtuvo un importante triunfo sobre Osasuna por pizarra de 3 goles a 0 en condici\u00f3n de local quedando nuevamete como \u00fanico l\u00edder de la Liga de Espa\u00f1a en partido pendiente de la fecha 27 del torneo que hab\u00eda sido suspendido por la muerte de Carles Minarro Garc\u00eda, m\u00e9dico del plantel \u00abblaugrana\u00bb. [&hellip;]<\/p>\n","protected":false},"author":2,"featured_media":25763,"comment_status":"open","ping_status":"closed","sticky":false,"template":"","format":"standard","meta":{"_jetpack_memberships_contains_paid_content":false,"footnotes":""},"categories":[7],"tags":[424,2227],"class_list":["post-25762","post","type-post","status-publish","format-standard","has-post-thumbnail","hentry","category-futbol-internacional","tag-fc-barcelona","tag-liga-espanola"],"jetpack_featured_media_url":"https:\/\/radiocresatelital.com\/wp-content\/uploads\/2025\/03\/PLANTILLA-PARA-SELLAR-FOTOS-2025-03-27T163748.248.png","jetpack_sharing_enabled":true,"_links":{"self":[{"href":"https:\/\/radiocresatelital.com\/index.php?rest_route=\/wp\/v2\/posts\/25762","targetHints":{"allow":["GET"]}}],"collection":[{"href":"https:\/\/radiocresatelital.com\/index.php?rest_route=\/wp\/v2\/posts"}],"about":[{"href":"https:\/\/radiocresatelital.com\/index.php?rest_route=\/wp\/v2\/types\/post"}],"author":[{"embeddable":true,"href":"https:\/\/radiocresatelital.com\/index.php?rest_route=\/wp\/v2\/users\/2"}],"replies":[{"embeddable":true,"href":"https:\/\/radiocresatelital.com\/index.php?rest_route=%2Fwp%2Fv2%2Fcomments&post=25762"}],"version-history":[{"count":1,"href":"https:\/\/radiocresatelital.com\/index.php?rest_route=\/wp\/v2\/posts\/25762\/revisions"}],"predecessor-version":[{"id":25764,"href":"https:\/\/radiocresatelital.com\/index.php?rest_route=\/wp\/v2\/posts\/25762\/revisions\/25764"}],"wp:featuredmedia":[{"embeddable":true,"href":"https:\/\/radiocresatelital.com\/index.php?rest_route=\/wp\/v2\/media\/25763"}],"wp:attachment":[{"href":"https:\/\/radiocresatelital.com\/index.php?rest_route=%2Fwp%2Fv2%2Fmedia&parent=25762"}],"wp:term":[{"taxonomy":"category","embeddable":true,"href":"https:\/\/radiocresatelital.com\/index.php?rest_route=%2Fwp%2Fv2%2Fcategories&post=25762"},{"taxonomy":"post_tag","embeddable":true,"href":"https:\/\/radiocresatelital.com\/index.php?rest_route=%2Fwp%2Fv2%2Ftags&post=25762"}],"curies":[{"name":"wp","href":"https:\/\/api.w.org\/{rel}","templated":true}]}}