{"id":25750,"date":"2025-03-27T20:24:58","date_gmt":"2025-03-27T20:24:58","guid":{"rendered":"https:\/\/radiocresatelital.com\/?p=25750"},"modified":"2025-03-27T22:27:00","modified_gmt":"2025-03-27T22:27:00","slug":"el-programa-emprendedores-de-cerveceria-nacional-ha-transformado-la-vida-de-mas-de-1-000-tenderos-del-pais","status":"publish","type":"post","link":"https:\/\/radiocresatelital.com\/?p=25750","title":{"rendered":"El programa Emprendedores de Cervecer\u00eda Nacional ha transformado la vida de m\u00e1s de 1.000 tenderos del pa\u00eds"},"content":{"rendered":"<p>Quito.- Cada 27 de marzo, Ecuador celebra el D\u00eda Nacional del Tendero, reconociendo su rol fundamental en la econom\u00eda del pa\u00eds. Estos peque\u00f1os y medianos negocios no solo ofrecen productos esenciales, sino que tambi\u00e9n crean empleo y aportan al desarrollo econ\u00f3mico de Ecuador.<\/p>\n<p>Cervecer\u00eda Nacional, una empresa comprometida con el crecimiento y bienestar de sus actores que conforman su cadena de valor y dentro de este grupo est\u00e1n \u201clos tenderos\u201d, se une a esta celebraci\u00f3n a trav\u00e9s de su programa Emprendedores CN, el cual busca fortalecer y empoderar a los due\u00f1os de tiendas del pa\u00eds, impactando de manera positiva en la econom\u00eda nacional.<\/p>\n<p>De acuerdo con el informe 2023\/2024 del Global Entrepreneurship Monitor Ecuador, alrededor de 3.3 millones de ecuatorianos iniciaron un negocio, lo que representa 3 de cada 10 ciudadanos. No obstante, el mismo informe revela que el 8,09 % de estos negocios cerraron, principalmente por falta de rentabilidad y financiamiento.<\/p>\n<p>El programa Emprendedores CN, creado en 2023, se ha convertido en un pilar clave para m\u00e1s de 1.370 microemprendedores, quienes han tenido acceso a una plataforma de e-learning desarrollada en colaboraci\u00f3n con el Tecnol\u00f3gico de Monterrey y el PNUD. Esta plataforma ofrece contenidos especializados en finanzas, liderazgo, operaciones y digitalizaci\u00f3n. Hoy en d\u00eda, 597 emprendedores han completado su formaci\u00f3n.<\/p>\n<p>Adem\u00e1s de impulsar la educaci\u00f3n, el programa Emprendedores CN crea conexiones estrat\u00e9gicas para los tenderos con diversos sectores clave. Por ello, desde Cervecer\u00eda Nacional se han establecido alianzas con empresas privadas e instituciones financieras para facilitarles el acceso a cr\u00e9ditos adecuados, lo que les permite ampliar su portafolio de productos, atraer m\u00e1s clientes y fortalecer su competitividad frente a otros formatos de negocio.<\/p>\n<p>Otro pilar fundamental del programa es la digitalizaci\u00f3n. A trav\u00e9s de capacitaciones, los tenderos desarrollan habilidades en el uso de herramientas tecnol\u00f3gicas que les permiten optimizar el control de inventarios y mejorar la promoci\u00f3n de sus productos.<\/p>\n<p>Sin lugar a duda, el Programa Emprendedores CN ha tenido un impacto positivo en los tenderos, logrando resultados significativos como:<\/p>\n<ul>\n<li>El 70 % de los negocios impactados por el programa Emprendedores CN est\u00e1n liderados por mujeres cabeza de hogar. Seg\u00fan estudios de la OCDE, estas mujeres reinvierten hasta el 90% de sus ingresos en la educaci\u00f3n de sus hijos y el fortalecimiento de sus emprendimientos.<\/li>\n<li>En promedio, los emprendedores que han sido parte del programa en a\u00f1os anteriores registraron mayores ingresos versus aquellos que no est\u00e1n enrolados en el mismo.<\/li>\n<li>M\u00e1s de 15 tiendas han sido remodeladas en Quito y Guayaquil, brindando espacios m\u00e1s modernos, funcionales y atractivos para sus comunidades.<\/li>\n<\/ul>\n<p>\u201cLos due\u00f1os de tiendas, micromercados y bodegas son el coraz\u00f3n de cada barrio, y los emprendedores son el motor de nuestro negocio y una fuente de autoempleo del pa\u00eds muy importante. Por eso, trabajamos constantemente en acciones que fortalecen sus negocios, brindando asesor\u00eda especializada y herramientas para que impulsen su crecimiento. En este d\u00eda especial del tendero ecuatoriano, resaltamos su valiosa labor y resiliencia, que d\u00eda a d\u00eda aporta en la construcci\u00f3n de un mejor futuro para el pa\u00eds, hoy brindamos por ellos\u201d, expres\u00f3 Ricardo Targino, CEO de Cervecer\u00eda Nacional.<\/p>\n<p>En el marco de este programa, Cervecer\u00eda Nacional organiza anualmente la Convenci\u00f3n de Emprendedores, un evento dise\u00f1ado para fomentar la capacitaci\u00f3n y el networking. En su edici\u00f3n 2024, reuni\u00f3 a m\u00e1s de 1.000 asistentes en Quito y Guayaquil, consolid\u00e1ndose como un punto de encuentro clave para los emprendedores del pa\u00eds.<\/p>\n<p>Para 2025, Cervecer\u00eda Nacional se ha propuesto impactar a 5.000 nuevos tenderos, impulsando el crecimiento del sector emprendedor y generando m\u00e1s oportunidades de desarrollo.<\/p>\n","protected":false},"excerpt":{"rendered":"<p>Quito.- Cada 27 de marzo, Ecuador celebra el D\u00eda Nacional del Tendero, reconociendo su rol fundamental en la econom\u00eda del pa\u00eds. Estos peque\u00f1os y medianos negocios no solo ofrecen productos esenciales, sino que tambi\u00e9n crean empleo y aportan al desarrollo econ\u00f3mico de Ecuador. Cervecer\u00eda Nacional, una empresa comprometida con el crecimiento y bienestar de sus [&hellip;]<\/p>\n","protected":false},"author":2,"featured_media":25751,"comment_status":"open","ping_status":"closed","sticky":false,"template":"","format":"standard","meta":{"_jetpack_memberships_contains_paid_content":false,"footnotes":""},"categories":[13],"tags":[1064,2086],"class_list":["post-25750","post","type-post","status-publish","format-standard","has-post-thumbnail","hentry","category-noticias-nacionales","tag-cerveceria-nacional","tag-dia-nacional-del-tendero"],"jetpack_featured_media_url":"https:\/\/radiocresatelital.com\/wp-content\/uploads\/2025\/03\/WhatsApp-Image-2025-03-27-at-17.03.24.jpeg","jetpack_sharing_enabled":true,"_links":{"self":[{"href":"https:\/\/radiocresatelital.com\/index.php?rest_route=\/wp\/v2\/posts\/25750","targetHints":{"allow":["GET"]}}],"collection":[{"href":"https:\/\/radiocresatelital.com\/index.php?rest_route=\/wp\/v2\/posts"}],"about":[{"href":"https:\/\/radiocresatelital.com\/index.php?rest_route=\/wp\/v2\/types\/post"}],"author":[{"embeddable":true,"href":"https:\/\/radiocresatelital.com\/index.php?rest_route=\/wp\/v2\/users\/2"}],"replies":[{"embeddable":true,"href":"https:\/\/radiocresatelital.com\/index.php?rest_route=%2Fwp%2Fv2%2Fcomments&post=25750"}],"version-history":[{"count":1,"href":"https:\/\/radiocresatelital.com\/index.php?rest_route=\/wp\/v2\/posts\/25750\/revisions"}],"predecessor-version":[{"id":25752,"href":"https:\/\/radiocresatelital.com\/index.php?rest_route=\/wp\/v2\/posts\/25750\/revisions\/25752"}],"wp:featuredmedia":[{"embeddable":true,"href":"https:\/\/radiocresatelital.com\/index.php?rest_route=\/wp\/v2\/media\/25751"}],"wp:attachment":[{"href":"https:\/\/radiocresatelital.com\/index.php?rest_route=%2Fwp%2Fv2%2Fmedia&parent=25750"}],"wp:term":[{"taxonomy":"category","embeddable":true,"href":"https:\/\/radiocresatelital.com\/index.php?rest_route=%2Fwp%2Fv2%2Fcategories&post=25750"},{"taxonomy":"post_tag","embeddable":true,"href":"https:\/\/radiocresatelital.com\/index.php?rest_route=%2Fwp%2Fv2%2Ftags&post=25750"}],"curies":[{"name":"wp","href":"https:\/\/api.w.org\/{rel}","templated":true}]}}