{"id":25709,"date":"2025-03-27T20:17:20","date_gmt":"2025-03-27T20:17:20","guid":{"rendered":"https:\/\/radiocresatelital.com\/?p=25709"},"modified":"2025-03-27T20:17:20","modified_gmt":"2025-03-27T20:17:20","slug":"conmebol-crea-un-task-force-encabezado-por-ronaldo-para-combatir-el-racismo-la-discriminacion-y-la-violencia-en-el-futbol","status":"publish","type":"post","link":"https:\/\/radiocresatelital.com\/?p=25709","title":{"rendered":"CONMEBOL crea un Task Force encabezado por Ronaldo para combatir el racismo, la discriminaci\u00f3n y la violencia en el f\u00fatbol"},"content":{"rendered":"<p>Luque.- Tras la hist\u00f3rica reuni\u00f3n convocada por CONMEBOL, que reuni\u00f3 a representantes de los Gobiernos de Sudam\u00e9rica y de las Asociaciones Miembro de la Confederaci\u00f3n, se anunci\u00f3 la creaci\u00f3n de un Task Force encabezado por la estrella brasile\u00f1a Ronaldo Nazario, la ex secretaria general de la FIFA, Fatma Samoura, y Sergio Marchi, Presidente de la FIFpro. Este equipo, que se integrar\u00e1 tambi\u00e9n con otros astros del f\u00fatbol sudamericano y varios juristas, trabajar\u00e1 exclusivamente en el desarrollo e implementaci\u00f3n de estrategias para erradicar el racismo, la discriminaci\u00f3n y la violencia en el f\u00fatbol sudamericano.<\/p>\n<p>Como resultado de este encuentro, promovido por CONMEBOL, se conformar\u00e1 un equipo dedicado a abordar esta problem\u00e1tica con un enfoque integral y soluciones concretas. Su misi\u00f3n ser\u00e1 dise\u00f1ar pol\u00edticas eficaces y establecer mecanismos de prevenci\u00f3n y sanci\u00f3n que contribuyan a erradicar estas conductas que afectan tanto al deporte como a la sociedad.<\/p>\n<p>El evento cont\u00f3 con la participaci\u00f3n de presidentes de las Asociaciones Miembro de CONMEBOL, embajadores, ministros, representantes gubernamentales, leyendas del f\u00fatbol sudamericano y gremios de futbolistas. La reuni\u00f3n fue inaugurada con una intervenci\u00f3n del presidente de CONMEBOL, Alejandro Dom\u00ednguez, quien destac\u00f3 la importancia de actuar con responsabilidad y unidad:<\/p>\n<p>\u201cHoy aqu\u00ed estamos actuando con responsabilidad y unidad para abordar los desaf\u00edos que se presentan, superarlos y continuar el rumbo de crecimiento. No queremos un debate sobre el pasado, sino discutir el futuro. Todo lo que aqu\u00ed se diga es para sumar y para mejorar nuestro deporte\u201d,\u00a0expres\u00f3 Dom\u00ednguez.<\/p>\n<p>Posteriormente, las direcciones de Competiciones y Asuntos Jur\u00eddicos de CONMEBOL expusieron los protocolos y normativas vigentes contra el racismo, as\u00ed como ejemplos concretos de aplicaci\u00f3n de multas y sanciones en los \u00faltimos a\u00f1os. La CONMEBOL aplica las penas m\u00e1s severas establecidas a nivel internacional, en alineaci\u00f3n con FIFA, UEFA y las principales ligas del mundo.<\/p>\n<p>El debate se enriqueci\u00f3 con las intervenciones de futbolistas y representantes de los gremios de jugadores, actores clave en esta lucha. Asimismo, embajadores y ministros compartieron sus perspectivas sobre una problem\u00e1tica que preocupa a toda la sociedad.<\/p>\n<p>Entre las medidas anunciadas, tambi\u00e9n se destacan la creaci\u00f3n de una lista de personas bloqueadas para el ingreso a estadios, que incluir\u00e1 a individuos involucrados en actos de racismo y les impedir\u00e1 acceder a cualquier torneo en Sudam\u00e9rica y otras competiciones a nivel mundial; y la implementaci\u00f3n de nuevos programas educativos dirigidos a jugadores, \u00e1rbitros, clubes y aficionados, con el objetivo de fomentar la conciencia y prevenci\u00f3n del racismo en el f\u00fatbol.<\/p>\n<p>Adem\u00e1s, durante el encuentro se abord\u00f3 el destino de los fondos recaudados a trav\u00e9s de multas por casos de racismo, discriminaci\u00f3n y violencia en el f\u00fatbol. Estos recursos son asignados al Proyecto SUMA, una iniciativa de CONMEBOL enfocada en la educaci\u00f3n y el desarrollo social a trav\u00e9s del deporte, reforzando el compromiso de la instituci\u00f3n con la inclusi\u00f3n y la educaci\u00f3n. Asimismo, el Proyecto SUMA ser\u00e1 replicado en los 10 pa\u00edses miembro de la CONMEBOL, ampliando su alcance y beneficiando a m\u00e1s comunidades en toda Sudam\u00e9rica.<\/p>\n<p>A trav\u00e9s de estas acciones, CONMEBOL reafirma su compromiso con el f\u00fatbol como una herramienta de integraci\u00f3n y desarrollo, fortaleciendo su lucha contra el racismo, la discriminaci\u00f3n y la violencia, y promoviendo valores de respeto e inclusi\u00f3n en todos los niveles del deporte.<\/p>\n<p><strong>TOMADO DE CONMEBOL.COM<\/strong><\/p>\n","protected":false},"excerpt":{"rendered":"<p>Luque.- Tras la hist\u00f3rica reuni\u00f3n convocada por CONMEBOL, que reuni\u00f3 a representantes de los Gobiernos de Sudam\u00e9rica y de las Asociaciones Miembro de la Confederaci\u00f3n, se anunci\u00f3 la creaci\u00f3n de un Task Force encabezado por la estrella brasile\u00f1a Ronaldo Nazario, la ex secretaria general de la FIFA, Fatma Samoura, y Sergio Marchi, Presidente de la [&hellip;]<\/p>\n","protected":false},"author":2,"featured_media":25710,"comment_status":"open","ping_status":"closed","sticky":false,"template":"","format":"standard","meta":{"_jetpack_memberships_contains_paid_content":false,"footnotes":""},"categories":[7],"tags":[211],"class_list":["post-25709","post","type-post","status-publish","format-standard","has-post-thumbnail","hentry","category-futbol-internacional","tag-conmebol"],"jetpack_featured_media_url":"https:\/\/radiocresatelital.com\/wp-content\/uploads\/2025\/03\/WhatsApp-Image-2025-03-27-at-15.58.48-1024x682-1.jpeg","jetpack_sharing_enabled":true,"_links":{"self":[{"href":"https:\/\/radiocresatelital.com\/index.php?rest_route=\/wp\/v2\/posts\/25709","targetHints":{"allow":["GET"]}}],"collection":[{"href":"https:\/\/radiocresatelital.com\/index.php?rest_route=\/wp\/v2\/posts"}],"about":[{"href":"https:\/\/radiocresatelital.com\/index.php?rest_route=\/wp\/v2\/types\/post"}],"author":[{"embeddable":true,"href":"https:\/\/radiocresatelital.com\/index.php?rest_route=\/wp\/v2\/users\/2"}],"replies":[{"embeddable":true,"href":"https:\/\/radiocresatelital.com\/index.php?rest_route=%2Fwp%2Fv2%2Fcomments&post=25709"}],"version-history":[{"count":1,"href":"https:\/\/radiocresatelital.com\/index.php?rest_route=\/wp\/v2\/posts\/25709\/revisions"}],"predecessor-version":[{"id":25711,"href":"https:\/\/radiocresatelital.com\/index.php?rest_route=\/wp\/v2\/posts\/25709\/revisions\/25711"}],"wp:featuredmedia":[{"embeddable":true,"href":"https:\/\/radiocresatelital.com\/index.php?rest_route=\/wp\/v2\/media\/25710"}],"wp:attachment":[{"href":"https:\/\/radiocresatelital.com\/index.php?rest_route=%2Fwp%2Fv2%2Fmedia&parent=25709"}],"wp:term":[{"taxonomy":"category","embeddable":true,"href":"https:\/\/radiocresatelital.com\/index.php?rest_route=%2Fwp%2Fv2%2Fcategories&post=25709"},{"taxonomy":"post_tag","embeddable":true,"href":"https:\/\/radiocresatelital.com\/index.php?rest_route=%2Fwp%2Fv2%2Ftags&post=25709"}],"curies":[{"name":"wp","href":"https:\/\/api.w.org\/{rel}","templated":true}]}}