{"id":257,"date":"2023-06-23T19:49:31","date_gmt":"2023-06-23T19:49:31","guid":{"rendered":"https:\/\/radiocresatelital.com\/?p=257"},"modified":"2023-06-23T19:49:31","modified_gmt":"2023-06-23T19:49:31","slug":"proteccion-de-los-paramos-clave-en-la-lucha-contra-el-cambio-climatico","status":"publish","type":"post","link":"https:\/\/radiocresatelital.com\/?p=257","title":{"rendered":"Protecci\u00f3n de los p\u00e1ramos, clave en la lucha contra el cambio clim\u00e1tico"},"content":{"rendered":"<p>Quito.- El 06 de mayo de 2021, la Asamblea Nacional del Ecuador aprob\u00f3 el proyecto de resoluci\u00f3n que declara el 23 de junio como el D\u00eda Nacional de los P\u00e1ramos.\u00a0 Ecuador tiene una extensi\u00f3n de p\u00e1ramos de 1\u00b4337.119 hect\u00e1reas que cubren el 5% del territorio, siendo el pa\u00eds del mundo con m\u00e1s porcentaje de este ecosistema respecto a su territorio nacional, seg\u00fan un estudio de la UTPL en 2023.<\/p>\n<p>Como parte del Convenio Marco de Cooperaci\u00f3n Interinstitucional entre el Fondo para la Protecci\u00f3n del Agua, Fundaci\u00f3n Imaymana, el Consorcio para el Desarrollo Sostenible de la Ecorregi\u00f3n Andina y el Ministerio de Educaci\u00f3n, se fomentan acciones para fortalecer la Educaci\u00f3n para el Desarrollo Sostenible (EDS).\u00a0 Este martes 20 de junio, en conmemoraci\u00f3n del D\u00eda de los p\u00e1ramos, se realiz\u00f3 el recorrido de sensibilizaci\u00f3n \u201cYaku \u00f1an\u201d con 21 colaboradores del Ministerio de Educaci\u00f3n en la poblaci\u00f3n de Pintag y en el Parque Nacional Antisana.<\/p>\n<p>Los asistentes reflexiona sobre el cuidado y conservaci\u00f3n de los p\u00e1ramos, la calidad del agua y el proceso para que sea apta para el consumo humano; a trav\u00e9s de actividades pedag\u00f3gicas, se impartieron conocimientos para la protecci\u00f3n del ecosistema, p\u00e1ramo y agua: Leyenda \u201cEl Sacharuna y permiso para entrar al p\u00e1ramo y bosque\u201d, caracter\u00edsticas del suelo del p\u00e1ramo, diferencias entre suelo de p\u00e1ramo he intervenido.\u00a0 Impactos en el P\u00e1ramo y restauraci\u00f3n, visita embalse de la Mica, comprensi\u00f3n de la labor de los guardaparques.<\/p>\n<p>De manera vivencial, esta comisi\u00f3n de servidores p\u00fablicos particip\u00f3 de las experiencias y actividades que realiza FONAG con docentes y estudiantes en trabajo articulado con el Ministerio de Educaci\u00f3n.<\/p>\n<p>Nancy Gual\u00e1n, analista de Curr\u00edculo, expres\u00f3 que a trav\u00e9s de la actividad pudo valorar la importancia de los p\u00e1ramos para la preservaci\u00f3n del l\u00edquido vital del planeta: \u201cEsta experiencia me permiti\u00f3 ser testigo de que el ecosistema p\u00e1ramo nos abastece de agua tanto a comunidades aleda\u00f1as como lejanas, es un ecosistema fr\u00e1gil que regula el clima y albergan especies emblem\u00e1ticas como el oso de anteojos, el c\u00f3ndor, la chuquiragua. \u00a1Debemos generar conciencia en la comunidad educativa para cuidarlos y protegerlos!<\/p>\n<p>El Ministerio de Educaci\u00f3n adem\u00e1s promueve esta semana la participaci\u00f3n voluntaria en: \u201cAct\u00edvate por los p\u00e1ramos\u201d, iniciativa nacional para que las instituciones educativas dise\u00f1en actividades de informaci\u00f3n, discusi\u00f3n, concienciaci\u00f3n y sensibilizaci\u00f3n sobre la importancia de su conservaci\u00f3n y las amenazas e impactos en los p\u00e1ramos por la actividad humana (ganader\u00eda, miner\u00eda, expansi\u00f3n agr\u00edcola, entre otras) y el cambio clim\u00e1tico.<\/p>\n<p>\u201cAct\u00edvate por los p\u00e1ramos\u201d se realizar\u00e1 desde el 19 al 23 de junio, en al menos una hora de clase en todas las modalidades y est\u00e1 dirigida a las y los estudiantes de las instituciones educativas, fiscales, municipales, fiscomisionales y particulares de los reg\u00edmenes Sierra-Amazon\u00eda y Costa-Gal\u00e1pagos, de manera presencial, virtual o a distancia.<\/p>\n<p>Esta cartera de Estado,\u00a0a trav\u00e9s del eje de gesti\u00f3n \u201cExcelencia Educativa\u201d, promueve y fortalece la Educaci\u00f3n para el Desarrollo Sostenible en el Sistema Nacional de Educaci\u00f3n, brindando herramientas para compartir experiencias de mejoramiento del proceso de ense\u00f1anza-aprendizaje.<\/p>\n","protected":false},"excerpt":{"rendered":"<p>Quito.- El 06 de mayo de 2021, la Asamblea Nacional del Ecuador aprob\u00f3 el proyecto de resoluci\u00f3n que declara el 23 de junio como el D\u00eda Nacional de los P\u00e1ramos.\u00a0 Ecuador tiene una extensi\u00f3n de p\u00e1ramos de 1\u00b4337.119 hect\u00e1reas que cubren el 5% del territorio, siendo el pa\u00eds del mundo con m\u00e1s porcentaje de este [&hellip;]<\/p>\n","protected":false},"author":2,"featured_media":258,"comment_status":"open","ping_status":"closed","sticky":false,"template":"","format":"standard","meta":{"_jetpack_memberships_contains_paid_content":false,"footnotes":""},"categories":[13],"tags":[68],"class_list":["post-257","post","type-post","status-publish","format-standard","has-post-thumbnail","hentry","category-noticias-nacionales","tag-dia-nacional-de-los-paramos"],"jetpack_featured_media_url":"https:\/\/radiocresatelital.com\/wp-content\/uploads\/2023\/06\/paramo-6.png","jetpack_sharing_enabled":true,"_links":{"self":[{"href":"https:\/\/radiocresatelital.com\/index.php?rest_route=\/wp\/v2\/posts\/257","targetHints":{"allow":["GET"]}}],"collection":[{"href":"https:\/\/radiocresatelital.com\/index.php?rest_route=\/wp\/v2\/posts"}],"about":[{"href":"https:\/\/radiocresatelital.com\/index.php?rest_route=\/wp\/v2\/types\/post"}],"author":[{"embeddable":true,"href":"https:\/\/radiocresatelital.com\/index.php?rest_route=\/wp\/v2\/users\/2"}],"replies":[{"embeddable":true,"href":"https:\/\/radiocresatelital.com\/index.php?rest_route=%2Fwp%2Fv2%2Fcomments&post=257"}],"version-history":[{"count":1,"href":"https:\/\/radiocresatelital.com\/index.php?rest_route=\/wp\/v2\/posts\/257\/revisions"}],"predecessor-version":[{"id":259,"href":"https:\/\/radiocresatelital.com\/index.php?rest_route=\/wp\/v2\/posts\/257\/revisions\/259"}],"wp:featuredmedia":[{"embeddable":true,"href":"https:\/\/radiocresatelital.com\/index.php?rest_route=\/wp\/v2\/media\/258"}],"wp:attachment":[{"href":"https:\/\/radiocresatelital.com\/index.php?rest_route=%2Fwp%2Fv2%2Fmedia&parent=257"}],"wp:term":[{"taxonomy":"category","embeddable":true,"href":"https:\/\/radiocresatelital.com\/index.php?rest_route=%2Fwp%2Fv2%2Fcategories&post=257"},{"taxonomy":"post_tag","embeddable":true,"href":"https:\/\/radiocresatelital.com\/index.php?rest_route=%2Fwp%2Fv2%2Ftags&post=257"}],"curies":[{"name":"wp","href":"https:\/\/api.w.org\/{rel}","templated":true}]}}