{"id":25694,"date":"2025-03-26T23:25:42","date_gmt":"2025-03-26T23:25:42","guid":{"rendered":"https:\/\/radiocresatelital.com\/?p=25694"},"modified":"2025-03-26T23:28:02","modified_gmt":"2025-03-26T23:28:02","slug":"es-dificil-hablar-de-ello-en-el-calor-del-momento-es-vergonzoso-empezamos-el-partido-muy-mal-marquinhos","status":"publish","type":"post","link":"https:\/\/radiocresatelital.com\/?p=25694","title":{"rendered":"Es dif\u00edcil hablar de ello en el calor del momento&#8230; Es vergonzoso.\u00a0Empezamos el partido muy mal, Marquinhos"},"content":{"rendered":"<div class=\"text__text__1FZLe text__dark-grey__3Ml43 text__regular__2N1Xr text__small__1kGq2 body__full_width__ekUdw body__small_body__2vQyf article-body__paragraph__2-BtD\" data-testid=\"paragraph-0\">Brasilia.- El capit\u00e1n de la escuadra de Brasil, Marquinhos, ha pedido disculpas a los fan\u00e1ticos brasile\u00f1os por la derrota que sufriera la selecci\u00f3n auriverde 4 goles a 1 con Argentina por la fecha 14 de las Elimiantorias Sudamericanas donde los gauchos ya se han anotado como la primera selecci\u00f3n de Sudam\u00e9rica.<\/p>\n<\/div>\n<div class=\"text__text__1FZLe text__dark-grey__3Ml43 text__regular__2N1Xr text__small__1kGq2 body__full_width__ekUdw body__small_body__2vQyf article-body__paragraph__2-BtD\" data-testid=\"paragraph-1\">Brasil, cinco veces campe\u00f3n del mundo, ha ganado s\u00f3lo una vez en sus \u00faltimos cuatro partidos y Marquinhos inst\u00f3 a sus compa\u00f1eros a revertir la situaci\u00f3n lo m\u00e1s r\u00e1pido posible.\u00a0\u00abLo que hicimos aqu\u00ed hoy no puede volver a ocurrir\u00bb, dijo a la televisi\u00f3n brasile\u00f1a Globo.<\/div>\n<div class=\"article-body__element__2p5pI\">\n<div class=\"spacing-container__container__2g5QT spacing-container__t-spacing-single-three-quarters__2_moJ spacing-container__b-spacing-single-three-quarters__1fuBK spacing-container__max-width__zScFd\" data-testid=\"ResponsiveAdSlot\">\n<div class=\"ad-slot__container__FEnoz ad-slot__fixed-height__6m70D\">\n<div class=\"ad-slot__inner__2u45U ad-slot__others__mQ8-F\">\n<div>\n<div id=\"reuters_desktop_native_1\" class=\"ad-slot__slot__2lKAK\" data-google-query-id=\"CPmX2YLxqIwDFfa8gwgdp6EMYQ\">\n<div id=\"google_ads_iframe_\/4735792\/reuters.com\/sports\/soccer\/article_1__container__\">\n\u00abEs dif\u00edcil hablar de ello en el calor del momento&#8230; Es vergonzoso. Empezamos el partido muy mal, muy por debajo de nuestras posibilidades, y ellos est\u00e1n en una gran racha de confianza. Supieron jugar con inteligencia&#8230; Lo siento por nuestra afici\u00f3n.<\/div>\n<\/div>\n<\/div>\n<\/div>\n<\/div>\n<\/div>\n<\/div>\n<div class=\"text__text__1FZLe text__dark-grey__3Ml43 text__regular__2N1Xr text__small__1kGq2 body__full_width__ekUdw body__small_body__2vQyf article-body__paragraph__2-BtD\" data-testid=\"paragraph-3\">\n<p>El t\u00e9cnico Dorival Jr. no ha logrado ganarse la confianza de los exigentes fan\u00e1ticos de Brasil despu\u00e9s de ganar solo siete de sus 16 partidos a cargo desde que asumi\u00f3 el cargo a principios de 2024.<\/p>\n<\/div>\n<div class=\"text__text__1FZLe text__dark-grey__3Ml43 text__regular__2N1Xr text__small__1kGq2 body__full_width__ekUdw body__small_body__2vQyf article-body__paragraph__2-BtD\" data-testid=\"paragraph-5\">\n<p>\u00abNo es s\u00f3lo culpa del entrenador&#8230; Tambi\u00e9n es culpa de los jugadores\u00bb, afirm\u00f3 Marquinhos.<\/p>\n<\/div>\n<div class=\"text__text__1FZLe text__dark-grey__3Ml43 text__regular__2N1Xr text__small__1kGq2 body__full_width__ekUdw body__small_body__2vQyf article-body__paragraph__2-BtD\" data-testid=\"paragraph-6\">\n<p>\u00abNo hay una f\u00f3rmula secreta en el f\u00fatbol donde tomas una decisi\u00f3n y funciona. Todos podemos hacerlo mejor. Tenemos que compartir la culpa.<\/p>\n<\/div>\n<div class=\"text__text__1FZLe text__dark-grey__3Ml43 text__regular__2N1Xr text__small__1kGq2 body__full_width__ekUdw body__small_body__2vQyf article-body__paragraph__2-BtD\" data-testid=\"paragraph-7\">\n<p>\u00abSe trata de comprender el momento y ser humilde\u00bb. Si bien Argentina ya asegur\u00f3 su lugar en el Mundial de 2026, Brasil a\u00fan tiene trabajo por hacer para conseguir un lugar autom\u00e1tico en Am\u00e9rica del Norte.<\/p>\n<\/div>\n<div class=\"text__text__1FZLe text__dark-grey__3Ml43 text__regular__2N1Xr text__small__1kGq2 body__full_width__ekUdw body__small_body__2vQyf article-body__paragraph__2-BtD\" data-testid=\"paragraph-10\">\n<p>Ocupan el cuarto lugar en la clasificaci\u00f3n sudamericana con 21 puntos, solo seis puntos por delante de Venezuela, en el s\u00e9ptimo lugar, que otorga un lugar en los playoffs interconfederaciones.<\/p>\n<p>El t\u00e9cnico argentino, Lionel Scaloni, se mostr\u00f3 entusiasmado con el desempe\u00f1o de su equipo.<\/p>\n<\/div>\n<div class=\"text__text__1FZLe text__dark-grey__3Ml43 text__regular__2N1Xr text__small__1kGq2 body__full_width__ekUdw body__small_body__2vQyf article-body__paragraph__2-BtD\" data-testid=\"paragraph-11\">\n<p>\u00abJugamos como equipo y por eso minimizamos a Brasil. Jugamos al m\u00e1s alto nivel\u00bb, dijo a los periodistas. Tenemos que seguir demostr\u00e1ndonos a nosotros mismos, pero sabiendo que no siempre ser\u00e1 as\u00ed.<\/p>\n<\/div>\n","protected":false},"excerpt":{"rendered":"<p>Brasilia.- El capit\u00e1n de la escuadra de Brasil, Marquinhos, ha pedido disculpas a los fan\u00e1ticos brasile\u00f1os por la derrota que sufriera la selecci\u00f3n auriverde 4 goles a 1 con Argentina por la fecha 14 de las Elimiantorias Sudamericanas donde los gauchos ya se han anotado como la primera selecci\u00f3n de Sudam\u00e9rica. Brasil, cinco veces campe\u00f3n [&hellip;]<\/p>\n","protected":false},"author":2,"featured_media":25695,"comment_status":"open","ping_status":"closed","sticky":false,"template":"","format":"standard","meta":{"_jetpack_memberships_contains_paid_content":false,"footnotes":""},"categories":[46,7],"tags":[4029,760],"class_list":["post-25694","post","type-post","status-publish","format-standard","has-post-thumbnail","hentry","category-eliminatorias-sudamericanas","category-futbol-internacional","tag-maruqinhos","tag-seleccion-brasil"],"jetpack_featured_media_url":"https:\/\/radiocresatelital.com\/wp-content\/uploads\/2025\/03\/50VsvKYDX_1290x760__1.jpg","jetpack_sharing_enabled":true,"_links":{"self":[{"href":"https:\/\/radiocresatelital.com\/index.php?rest_route=\/wp\/v2\/posts\/25694","targetHints":{"allow":["GET"]}}],"collection":[{"href":"https:\/\/radiocresatelital.com\/index.php?rest_route=\/wp\/v2\/posts"}],"about":[{"href":"https:\/\/radiocresatelital.com\/index.php?rest_route=\/wp\/v2\/types\/post"}],"author":[{"embeddable":true,"href":"https:\/\/radiocresatelital.com\/index.php?rest_route=\/wp\/v2\/users\/2"}],"replies":[{"embeddable":true,"href":"https:\/\/radiocresatelital.com\/index.php?rest_route=%2Fwp%2Fv2%2Fcomments&post=25694"}],"version-history":[{"count":3,"href":"https:\/\/radiocresatelital.com\/index.php?rest_route=\/wp\/v2\/posts\/25694\/revisions"}],"predecessor-version":[{"id":25698,"href":"https:\/\/radiocresatelital.com\/index.php?rest_route=\/wp\/v2\/posts\/25694\/revisions\/25698"}],"wp:featuredmedia":[{"embeddable":true,"href":"https:\/\/radiocresatelital.com\/index.php?rest_route=\/wp\/v2\/media\/25695"}],"wp:attachment":[{"href":"https:\/\/radiocresatelital.com\/index.php?rest_route=%2Fwp%2Fv2%2Fmedia&parent=25694"}],"wp:term":[{"taxonomy":"category","embeddable":true,"href":"https:\/\/radiocresatelital.com\/index.php?rest_route=%2Fwp%2Fv2%2Fcategories&post=25694"},{"taxonomy":"post_tag","embeddable":true,"href":"https:\/\/radiocresatelital.com\/index.php?rest_route=%2Fwp%2Fv2%2Ftags&post=25694"}],"curies":[{"name":"wp","href":"https:\/\/api.w.org\/{rel}","templated":true}]}}