{"id":25684,"date":"2025-03-26T19:48:42","date_gmt":"2025-03-26T19:48:42","guid":{"rendered":"https:\/\/radiocresatelital.com\/?p=25684"},"modified":"2025-03-26T22:58:28","modified_gmt":"2025-03-26T22:58:28","slug":"claves-para-eliminar-el-vph-y-prevenir-el-cancer-de-cuello-uterino","status":"publish","type":"post","link":"https:\/\/radiocresatelital.com\/?p=25684","title":{"rendered":"Claves para eliminar el VPH y prevenir el c\u00e1ncer de cuello uterino"},"content":{"rendered":"<p>Quito.- El c\u00e1ncer de cuello uterino es una de las principales causas de muerte entre las mujeres ecuatorianas, con un alto impacto en la salud p\u00fablica. Aunque la vacunaci\u00f3n contra el VPH es esencial en la prevenci\u00f3n, no es suficiente por s\u00ed sola, ya que no protege a quienes ya han sido infectadas. Pese a los esfuerzos por ampliar la inmunizaci\u00f3n en Ecuador, persisten brechas en el acceso a la vacuna y a ex\u00e1menes como el Papanicolaou y la genotipificaci\u00f3n, lo que contribuye a una elevada incidencia y mortalidad.<\/p>\n<p>El cribado de mujeres mayores de 30 a\u00f1os mediante pruebas de alta precisi\u00f3n es fundamental para detectar lesiones precancerosas en estadios tempranos, permitiendo una intervenci\u00f3n oportuna y eficaz. De acuerdo con la OMS, las tasas de mortalidad por c\u00e1ncer de cuello uterino son m\u00e1s elevadas en pa\u00edses con menores recursos, donde el acceso a programas de prevenci\u00f3n y tratamiento es limitado. La detecci\u00f3n temprana en mujeres mayores de 30 a\u00f1os es clave para identificar lesiones precancerosas y tratarlas a tiempo.<\/p>\n<p>El 26 de marzo, D\u00eda Mundial de la Prevenci\u00f3n del C\u00e1ncer de Cuello Uterino, resalta la importancia de combinar prevenci\u00f3n primaria, vacunaci\u00f3n y educaci\u00f3n, con prevenci\u00f3n secundaria, cribado y tratamiento oportuno.<\/p>\n<p>Cuando las lesiones precancerosas se detectan a tiempo, existen opciones eficaces para detener su progresi\u00f3n. Papilocare\u00ae Gel Vaginal de Megalabs es el primer tratamiento con respaldo cient\u00edfico que ha demostrado su capacidad para eliminar el VPH y reparar lesiones iniciales del cuello uterino. Su f\u00f3rmula patentada promueve la regeneraci\u00f3n del epitelio cervical y equilibra el microbiota vaginal.<\/p>\n<p>Adem\u00e1s, puede utilizarse como apoyo en estrategias de prevenci\u00f3n primaria y secundaria del c\u00e1ncer de cuello uterino. Su uso est\u00e1 recomendado para mujeres con diagn\u00f3stico de VPH y lesiones asociadas, as\u00ed como para aquellas con antecedentes de infecciones recurrentes.<\/p>\n<p>El Dr. Edgar Rivera; ginec\u00f3logo Colposcop\u00eda, se\u00f1ala: \u201cSi bien en la mayor\u00eda de los casos el VPH se elimina espont\u00e1neamente, en algunos persiste, aumentando el riesgo de c\u00e1ncer. La prevenci\u00f3n y el tratamiento oportuno son fundamentales\u201d.<\/p>\n<p>Erradicar el c\u00e1ncer de cuello uterino es posible con educaci\u00f3n, vacunaci\u00f3n, cribado y acceso a tratamientos innovadores. Un esfuerzo conjunto entre autoridades, profesionales de la salud y la sociedad permitir\u00e1 avanzar hacia un futuro libre de esta enfermedad.<\/p>\n","protected":false},"excerpt":{"rendered":"<p>Quito.- El c\u00e1ncer de cuello uterino es una de las principales causas de muerte entre las mujeres ecuatorianas, con un alto impacto en la salud p\u00fablica. Aunque la vacunaci\u00f3n contra el VPH es esencial en la prevenci\u00f3n, no es suficiente por s\u00ed sola, ya que no protege a quienes ya han sido infectadas. Pese a [&hellip;]<\/p>\n","protected":false},"author":2,"featured_media":25685,"comment_status":"open","ping_status":"closed","sticky":false,"template":"","format":"standard","meta":{"_jetpack_memberships_contains_paid_content":false,"footnotes":""},"categories":[84],"tags":[4028],"class_list":["post-25684","post","type-post","status-publish","format-standard","has-post-thumbnail","hentry","category-medicina","tag-cancer-de-cuello-uterino"],"jetpack_featured_media_url":"https:\/\/radiocresatelital.com\/wp-content\/uploads\/2025\/03\/WhatsApp-Image-2025-03-24-at-12.06.32.jpeg","jetpack_sharing_enabled":true,"_links":{"self":[{"href":"https:\/\/radiocresatelital.com\/index.php?rest_route=\/wp\/v2\/posts\/25684","targetHints":{"allow":["GET"]}}],"collection":[{"href":"https:\/\/radiocresatelital.com\/index.php?rest_route=\/wp\/v2\/posts"}],"about":[{"href":"https:\/\/radiocresatelital.com\/index.php?rest_route=\/wp\/v2\/types\/post"}],"author":[{"embeddable":true,"href":"https:\/\/radiocresatelital.com\/index.php?rest_route=\/wp\/v2\/users\/2"}],"replies":[{"embeddable":true,"href":"https:\/\/radiocresatelital.com\/index.php?rest_route=%2Fwp%2Fv2%2Fcomments&post=25684"}],"version-history":[{"count":1,"href":"https:\/\/radiocresatelital.com\/index.php?rest_route=\/wp\/v2\/posts\/25684\/revisions"}],"predecessor-version":[{"id":25686,"href":"https:\/\/radiocresatelital.com\/index.php?rest_route=\/wp\/v2\/posts\/25684\/revisions\/25686"}],"wp:featuredmedia":[{"embeddable":true,"href":"https:\/\/radiocresatelital.com\/index.php?rest_route=\/wp\/v2\/media\/25685"}],"wp:attachment":[{"href":"https:\/\/radiocresatelital.com\/index.php?rest_route=%2Fwp%2Fv2%2Fmedia&parent=25684"}],"wp:term":[{"taxonomy":"category","embeddable":true,"href":"https:\/\/radiocresatelital.com\/index.php?rest_route=%2Fwp%2Fv2%2Fcategories&post=25684"},{"taxonomy":"post_tag","embeddable":true,"href":"https:\/\/radiocresatelital.com\/index.php?rest_route=%2Fwp%2Fv2%2Ftags&post=25684"}],"curies":[{"name":"wp","href":"https:\/\/api.w.org\/{rel}","templated":true}]}}