{"id":2568,"date":"2023-08-14T23:01:28","date_gmt":"2023-08-14T23:01:28","guid":{"rendered":"https:\/\/radiocresatelital.com\/?p=2568"},"modified":"2023-08-14T23:01:41","modified_gmt":"2023-08-14T23:01:41","slug":"a-mas-de-usd-285-millones-asciende-el-presupuesto-2023-de-la-prefectura-ciudadana-del-guayas","status":"publish","type":"post","link":"https:\/\/radiocresatelital.com\/?p=2568","title":{"rendered":"A m\u00e1s de USD 285 millones asciende el presupuesto 2023 de la Prefectura Ciudadana del Guayas"},"content":{"rendered":"<p><span style=\"font-weight: 400;\">Guayaquil.- El pleno del Consejo Provincial del Guayas se reuni\u00f3 la tarde de este lunes 14 de agosto, para aprobar, en segundo debate, la ordenanza de Presupuesto Institucional 2023, que asciende a 285\u2019995.729 d\u00f3lares.<\/span><\/p>\n<p><span style=\"font-weight: 400;\">La sesi\u00f3n extraordinaria se desarroll\u00f3 de manera telem\u00e1tica. En total, 24 consejeros dieron quorum y aprobaron de manera un\u00e1nime, la ordenanza, para el ejercicio fiscal del a\u00f1o 2023, que est\u00e1 en curso, acogi\u00e9ndose a los art\u00edculos 244 y 245 del C\u00f3digo Org\u00e1nico de Organizaci\u00f3n Territorial, Autonom\u00eda y Descentralizaci\u00f3n (Cootad).<\/span><\/p>\n<p><span style=\"font-weight: 400;\">\u201cHemos hecho un cambio significativo en la estructura presupuestaria, priorizando lo urgente: la atenci\u00f3n a la red vial de la provincia, conforme es demandada por ustedes y tambi\u00e9n as\u00ed la obra de mitigaci\u00f3n ante los efectos y la posible llegada del Fen\u00f3meno de El Ni\u00f1o\u201d, se\u00f1al\u00f3.<\/span><\/p>\n<p><span style=\"font-weight: 400;\">Del monto de USD 285\u2019995.729 fijado en el anteproyecto, se redujo al 14,2% el gasto corriente (sueldos). Adem\u00e1s, la inversi\u00f3n en obras alcanz\u00f3 los USD 210,1 millones y el financiamiento llega a USD 46,6 millones. Un ac\u00e1pite especial representa la inversi\u00f3n en obras de prevenci\u00f3n y atenci\u00f3n ante el Fen\u00f3meno de El Ni\u00f1o, que es de USD 40 millones.<\/span><\/p>\n<p><span style=\"font-weight: 400;\">Asimismo, la ejecutiva guayasense record\u00f3 que se elabora el presupuesto para el a\u00f1o 2024, el cual deber\u00e1 ser aprobado hasta el pr\u00f3ximo mes de octubre.<\/span><\/p>\n","protected":false},"excerpt":{"rendered":"<p>Guayaquil.- El pleno del Consejo Provincial del Guayas se reuni\u00f3 la tarde de este lunes 14 de agosto, para aprobar, en segundo debate, la ordenanza de Presupuesto Institucional 2023, que asciende a 285\u2019995.729 d\u00f3lares. La sesi\u00f3n extraordinaria se desarroll\u00f3 de manera telem\u00e1tica. En total, 24 consejeros dieron quorum y aprobaron de manera un\u00e1nime, la ordenanza, [&hellip;]<\/p>\n","protected":false},"author":2,"featured_media":2569,"comment_status":"open","ping_status":"closed","sticky":false,"template":"","format":"standard","meta":{"_jetpack_memberships_contains_paid_content":false,"footnotes":""},"categories":[13],"tags":[415],"class_list":["post-2568","post","type-post","status-publish","format-standard","has-post-thumbnail","hentry","category-noticias-nacionales","tag-prefectura-ciudadana-del-guayas"],"jetpack_featured_media_url":"https:\/\/radiocresatelital.com\/wp-content\/uploads\/2023\/08\/IMG_6704-scaled.jpg","jetpack_sharing_enabled":true,"_links":{"self":[{"href":"https:\/\/radiocresatelital.com\/index.php?rest_route=\/wp\/v2\/posts\/2568","targetHints":{"allow":["GET"]}}],"collection":[{"href":"https:\/\/radiocresatelital.com\/index.php?rest_route=\/wp\/v2\/posts"}],"about":[{"href":"https:\/\/radiocresatelital.com\/index.php?rest_route=\/wp\/v2\/types\/post"}],"author":[{"embeddable":true,"href":"https:\/\/radiocresatelital.com\/index.php?rest_route=\/wp\/v2\/users\/2"}],"replies":[{"embeddable":true,"href":"https:\/\/radiocresatelital.com\/index.php?rest_route=%2Fwp%2Fv2%2Fcomments&post=2568"}],"version-history":[{"count":1,"href":"https:\/\/radiocresatelital.com\/index.php?rest_route=\/wp\/v2\/posts\/2568\/revisions"}],"predecessor-version":[{"id":2570,"href":"https:\/\/radiocresatelital.com\/index.php?rest_route=\/wp\/v2\/posts\/2568\/revisions\/2570"}],"wp:featuredmedia":[{"embeddable":true,"href":"https:\/\/radiocresatelital.com\/index.php?rest_route=\/wp\/v2\/media\/2569"}],"wp:attachment":[{"href":"https:\/\/radiocresatelital.com\/index.php?rest_route=%2Fwp%2Fv2%2Fmedia&parent=2568"}],"wp:term":[{"taxonomy":"category","embeddable":true,"href":"https:\/\/radiocresatelital.com\/index.php?rest_route=%2Fwp%2Fv2%2Fcategories&post=2568"},{"taxonomy":"post_tag","embeddable":true,"href":"https:\/\/radiocresatelital.com\/index.php?rest_route=%2Fwp%2Fv2%2Ftags&post=2568"}],"curies":[{"name":"wp","href":"https:\/\/api.w.org\/{rel}","templated":true}]}}