{"id":25667,"date":"2025-03-26T21:30:15","date_gmt":"2025-03-26T21:30:15","guid":{"rendered":"https:\/\/radiocresatelital.com\/?p=25667"},"modified":"2025-03-26T21:30:15","modified_gmt":"2025-03-26T21:30:15","slug":"1-500-hinchas-apoyaron-a-la-tri-en-palco-malecon","status":"publish","type":"post","link":"https:\/\/radiocresatelital.com\/?p=25667","title":{"rendered":"1.500 hinchas apoyaron a la Tri en Palco Malec\u00f3n"},"content":{"rendered":"<p>Guayaquil.- La lluvia no detuvo a los aficionados, quienes acudieron con paraguas y encauchados a ver el partido de f\u00fatbol entre Ecuador y Chile en una pantalla gigante dentro del Malec\u00f3n 2000.<\/p>\n<p>En esta ocasi\u00f3n, los asistentes superaron las expectativas: m\u00e1s de 1.500 personas se dieron cita en el \u2018Palco Malec\u00f3n\u2019, ubicado junto al hemiciclo de La Rotonda. Esta propuesta cumple con la disposici\u00f3n del alcalde Aquiles Alvarez de abrir los espacios p\u00fablicos para que los ciudadanos los utilicen.<\/p>\n<p>\u201cEst\u00e1 muy organizado y se puede venir en familia. La gente est\u00e1 tranquila celebrando, todo en orden\u201d, coment\u00f3 Cibeles Bal\u00f3n, quien acudi\u00f3 con su hermana y sobrina al hemiciclo de La Rotonda, en el Malec\u00f3n 2000.<\/p>\n<p>En las primeras filas se ve\u00edan ni\u00f1os, adultos y personas de la tercera edad, todos disfrutando de la transmisi\u00f3n deportiva en un espacio limpio y seguro. Empresas privadas ofrecieron degustaciones de sus productos, mientras que otras propusieron din\u00e1micas y juegos para el entretenimiento de los asistentes.<\/p>\n<p>En el ingreso al \u00e1rea establecida, hubo control del contenido de bolsos y mochilas, mientras que, en el interior. Agentes de Control Municipal (ACM) garantizaron la seguridad de los asistentes. De esta manera, Guayaquil avanza para convertirse en una Ciudad de Todos.<\/p>\n","protected":false},"excerpt":{"rendered":"<p>Guayaquil.- La lluvia no detuvo a los aficionados, quienes acudieron con paraguas y encauchados a ver el partido de f\u00fatbol entre Ecuador y Chile en una pantalla gigante dentro del Malec\u00f3n 2000. En esta ocasi\u00f3n, los asistentes superaron las expectativas: m\u00e1s de 1.500 personas se dieron cita en el \u2018Palco Malec\u00f3n\u2019, ubicado junto al hemiciclo [&hellip;]<\/p>\n","protected":false},"author":2,"featured_media":25668,"comment_status":"open","ping_status":"closed","sticky":false,"template":"","format":"standard","meta":{"_jetpack_memberships_contains_paid_content":false,"footnotes":""},"categories":[9,46],"tags":[254],"class_list":["post-25667","post","type-post","status-publish","format-standard","has-post-thumbnail","hentry","category-deportes","category-eliminatorias-sudamericanas","tag-malecon-2000"],"jetpack_featured_media_url":"https:\/\/radiocresatelital.com\/wp-content\/uploads\/2025\/03\/1500-hinchas-apoyaron-a-la-tri-en-palco-malecon-03.jpg","jetpack_sharing_enabled":true,"_links":{"self":[{"href":"https:\/\/radiocresatelital.com\/index.php?rest_route=\/wp\/v2\/posts\/25667","targetHints":{"allow":["GET"]}}],"collection":[{"href":"https:\/\/radiocresatelital.com\/index.php?rest_route=\/wp\/v2\/posts"}],"about":[{"href":"https:\/\/radiocresatelital.com\/index.php?rest_route=\/wp\/v2\/types\/post"}],"author":[{"embeddable":true,"href":"https:\/\/radiocresatelital.com\/index.php?rest_route=\/wp\/v2\/users\/2"}],"replies":[{"embeddable":true,"href":"https:\/\/radiocresatelital.com\/index.php?rest_route=%2Fwp%2Fv2%2Fcomments&post=25667"}],"version-history":[{"count":1,"href":"https:\/\/radiocresatelital.com\/index.php?rest_route=\/wp\/v2\/posts\/25667\/revisions"}],"predecessor-version":[{"id":25669,"href":"https:\/\/radiocresatelital.com\/index.php?rest_route=\/wp\/v2\/posts\/25667\/revisions\/25669"}],"wp:featuredmedia":[{"embeddable":true,"href":"https:\/\/radiocresatelital.com\/index.php?rest_route=\/wp\/v2\/media\/25668"}],"wp:attachment":[{"href":"https:\/\/radiocresatelital.com\/index.php?rest_route=%2Fwp%2Fv2%2Fmedia&parent=25667"}],"wp:term":[{"taxonomy":"category","embeddable":true,"href":"https:\/\/radiocresatelital.com\/index.php?rest_route=%2Fwp%2Fv2%2Fcategories&post=25667"},{"taxonomy":"post_tag","embeddable":true,"href":"https:\/\/radiocresatelital.com\/index.php?rest_route=%2Fwp%2Fv2%2Ftags&post=25667"}],"curies":[{"name":"wp","href":"https:\/\/api.w.org\/{rel}","templated":true}]}}