{"id":25655,"date":"2025-03-26T20:42:12","date_gmt":"2025-03-26T20:42:12","guid":{"rendered":"https:\/\/radiocresatelital.com\/?p=25655"},"modified":"2025-03-26T20:42:12","modified_gmt":"2025-03-26T20:42:12","slug":"las-damas-del-movistar-best-pc-inician-el-ano-internacional","status":"publish","type":"post","link":"https:\/\/radiocresatelital.com\/?p=25655","title":{"rendered":"Las damas del Movistar Best PC inician el a\u00f1o internacional"},"content":{"rendered":"<p>Quito.- Lideradas por la actual campeona nacional de ruta \u00e9lite y sub 23, Natalia V\u00e1squez, el equipo femenino del <strong>Movistar Best PC <\/strong>iniciar\u00e1 la temporada internacional, con algunas carreras en El Salvador. El equipo parte este domingo.<\/p>\n<p>Las carreras en las que competir\u00e1n las guerreras \u201ctelef\u00f3nicas\u201d ser\u00e1n el Gran Prix Surf City, previsto para el 1 de abril, mientras que del 2 al 6 del mismo mes intervendr\u00e1n en el Tour al Salvador. As\u00ed tambi\u00e9n estar\u00e1n en el Gran Prix El Salvador, el 8, al d\u00eda siguiente en el Gran Prix Presidente, para finalizar el 10 correr\u00e1n en el Gran Prix Boquer\u00f3n.<\/p>\n<p>Adem\u00e1s, de V\u00e1squez, el \u00a0elenco nacional estar\u00e1 conformado por Marcela Pe\u00f1afiel, Ana Mar\u00eda Torres, Ana Sol Salgado y Camila Vega, quienes representar\u00e1n al pa\u00eds en la ronda centroamericana.<\/p>\n<p>\u201cEstoy muy emocionada por vivir nuestra primera experiencia internacional y vamos, junto con mis compa\u00f1eras, a dar lo mejor de nosotras para dejar en alto el nombre de Ecuador\u201d, mencion\u00f3 Naty, como es conocida con cari\u00f1o la campeona.<\/p>\n<p>El Tour al Salvador tendr\u00e1 un prolog\u00f3 y cuatro etapas, repartidas a lo largo del pa\u00eds centroamericano. La salida ser\u00e1 el 2 de abril en el Palacio Nacional de la capital de El San Salvador y recorrer\u00e1 en total 392 kil\u00f3metros durante cinco d\u00edas.<\/p>\n<p>Las ciclistas pertenecientes a 18 distintos equipos provenientes de 11 pa\u00edses; entre ellos Alemania, Brasil, Colombia, Costa Rica, Espa\u00f1a, Suiza, cruzar\u00e1n por sitios como Surf City, Nahuizalco, Usulut\u00e1n, Meta Pan, Santa Ana, entre otras.<\/p>\n<p>\u201cEmocionada por competir en estas carreras internacionales. Es importante que salgamos a medirnos con las ciclistas del extranjero porque nos va a permitir seguir creciendo. Ser\u00e1n 10 d\u00edas duros de carrera, pero estoy segura de que cumpliremos con un buen papel\u201d, asegur\u00f3 Ana Mar\u00eda.<\/p>\n<p>Entre tanto, los Gran Prix contar\u00e1n con distancias entre 9 kil\u00f3metros; El Boquer\u00f3n que ser\u00e1 una cronoescalada, 110 km Surf City; el m\u00e1s extenso, El Salvador 92 km y Presidente con 47 km.<\/p>\n<p>Por su parte, Ana Sol, quien cumple su primera temporada con el conjunto \u201ctelef\u00f3nico\u201d expres\u00f3 que \u201cnuestra siguiente parada es El Salvador y estamos muy emocionadas y felices de trabajar en equipo, junto con las chicas para poder lograr grandes resultados\u201d.<\/p>\n<p>Entre las escuadras que estar\u00e1n destacan, adem\u00e1s del <strong>Movistar Best PC, <\/strong>equipos como los espa\u00f1oles Eneicat-CMTeam, con licencia UCI Women&#8217;s Team y el UCI Women&#8217;s Continental Team Laboral Kutxa\u2013Fundaci\u00f3n Euskadi. El tambi\u00e9n continental alem\u00e1n Ceratizit Pro Cycling y la selecci\u00f3n de Brasil.<\/p>\n<p>De esta manera, las damas del \u00fanico equipo continental ecuatoriano abren la temporada internacional, que comprender\u00e1 otras competencias fuera del pa\u00eds como en Costa Rica y la participaci\u00f3n en el Tour del Avenir, para las ciclistas menores de 23 a\u00f1os.<\/p>\n","protected":false},"excerpt":{"rendered":"<p>Quito.- Lideradas por la actual campeona nacional de ruta \u00e9lite y sub 23, Natalia V\u00e1squez, el equipo femenino del Movistar Best PC iniciar\u00e1 la temporada internacional, con algunas carreras en El Salvador. El equipo parte este domingo. Las carreras en las que competir\u00e1n las guerreras \u201ctelef\u00f3nicas\u201d ser\u00e1n el Gran Prix Surf City, previsto para el [&hellip;]<\/p>\n","protected":false},"author":2,"featured_media":25656,"comment_status":"open","ping_status":"closed","sticky":false,"template":"","format":"standard","meta":{"_jetpack_memberships_contains_paid_content":false,"footnotes":""},"categories":[120,9],"tags":[1029],"class_list":["post-25655","post","type-post","status-publish","format-standard","has-post-thumbnail","hentry","category-ciclismo","category-deportes","tag-movistar-best-pc"],"jetpack_featured_media_url":"https:\/\/radiocresatelital.com\/wp-content\/uploads\/2025\/03\/WhatsApp-Image-2025-03-26-at-14.56.33.jpeg","jetpack_sharing_enabled":true,"_links":{"self":[{"href":"https:\/\/radiocresatelital.com\/index.php?rest_route=\/wp\/v2\/posts\/25655","targetHints":{"allow":["GET"]}}],"collection":[{"href":"https:\/\/radiocresatelital.com\/index.php?rest_route=\/wp\/v2\/posts"}],"about":[{"href":"https:\/\/radiocresatelital.com\/index.php?rest_route=\/wp\/v2\/types\/post"}],"author":[{"embeddable":true,"href":"https:\/\/radiocresatelital.com\/index.php?rest_route=\/wp\/v2\/users\/2"}],"replies":[{"embeddable":true,"href":"https:\/\/radiocresatelital.com\/index.php?rest_route=%2Fwp%2Fv2%2Fcomments&post=25655"}],"version-history":[{"count":1,"href":"https:\/\/radiocresatelital.com\/index.php?rest_route=\/wp\/v2\/posts\/25655\/revisions"}],"predecessor-version":[{"id":25657,"href":"https:\/\/radiocresatelital.com\/index.php?rest_route=\/wp\/v2\/posts\/25655\/revisions\/25657"}],"wp:featuredmedia":[{"embeddable":true,"href":"https:\/\/radiocresatelital.com\/index.php?rest_route=\/wp\/v2\/media\/25656"}],"wp:attachment":[{"href":"https:\/\/radiocresatelital.com\/index.php?rest_route=%2Fwp%2Fv2%2Fmedia&parent=25655"}],"wp:term":[{"taxonomy":"category","embeddable":true,"href":"https:\/\/radiocresatelital.com\/index.php?rest_route=%2Fwp%2Fv2%2Fcategories&post=25655"},{"taxonomy":"post_tag","embeddable":true,"href":"https:\/\/radiocresatelital.com\/index.php?rest_route=%2Fwp%2Fv2%2Ftags&post=25655"}],"curies":[{"name":"wp","href":"https:\/\/api.w.org\/{rel}","templated":true}]}}