{"id":2565,"date":"2023-08-14T22:58:27","date_gmt":"2023-08-14T22:58:27","guid":{"rendered":"https:\/\/radiocresatelital.com\/?p=2565"},"modified":"2023-08-14T22:58:27","modified_gmt":"2023-08-14T22:58:27","slug":"acciones-inmediatas-ante-denuncia-publica-de-posibles-irregularidades-en-proceso-de-contratacion","status":"publish","type":"post","link":"https:\/\/radiocresatelital.com\/?p=2565","title":{"rendered":"Acciones inmediatas ante Denuncia P\u00fablica de Posibles Irregularidades en Proceso de Contrataci\u00f3n"},"content":{"rendered":"<p>Quito.- Ante la noticia publicada el fin de semana, en la que se dan a conocer audios de una conversaci\u00f3n en el que participar\u00edan funcionarios p\u00fablicos, en torno a un proceso de contrataci\u00f3n relativo a p\u00f3lizas de seguro que lleva adelante la EP Petroecuador, el Gobierno Nacional informa que tom\u00f3 acciones inmediatas.<\/p>\n<p>Luego de conocer la nota period\u00edstica, publicada el 12 de agosto, al d\u00eda siguiente fue removido de su cargo el funcionario del Ministerio de Gobierno involucrado en los audios. \u201cNo tolero ninguna conducta impropia en el servicio p\u00fablico\u201d, dijo el ministro Henry Cucal\u00f3n.<\/p>\n<p>Las otras personas mencionadas no trabajan en el sector p\u00fablico. Adem\u00e1s, este lunes 14 de agosto, el Ministerio puso en conocimiento de la Fiscal\u00eda General del Estado la noticia de este hecho, para que realice la investigaci\u00f3n correspondiente. El Ejecutivo brindar\u00e1 su colaboraci\u00f3n en todo el proceso.<\/p>\n<p>EP Petroecuador inici\u00f3, el 31 de julio de 2023, el proceso de contrataci\u00f3n relativo a las \u201cP\u00f3lizas de Seguro Todo Riesgo Petrolero, Responsabilidad Civil Mar\u00edtima y Responsabilidad Civil no Mar\u00edtima\u201d. Actualmente, se efect\u00faa cumpliendo con la<br \/>\nnormativa legal vigente.<\/p>\n","protected":false},"excerpt":{"rendered":"<p>Quito.- Ante la noticia publicada el fin de semana, en la que se dan a conocer audios de una conversaci\u00f3n en el que participar\u00edan funcionarios p\u00fablicos, en torno a un proceso de contrataci\u00f3n relativo a p\u00f3lizas de seguro que lleva adelante la EP Petroecuador, el Gobierno Nacional informa que tom\u00f3 acciones inmediatas. Luego de conocer [&hellip;]<\/p>\n","protected":false},"author":2,"featured_media":2566,"comment_status":"open","ping_status":"closed","sticky":false,"template":"","format":"standard","meta":{"_jetpack_memberships_contains_paid_content":false,"footnotes":""},"categories":[13],"tags":[541],"class_list":["post-2565","post","type-post","status-publish","format-standard","has-post-thumbnail","hentry","category-noticias-nacionales","tag-denuncia-publica"],"jetpack_featured_media_url":"https:\/\/radiocresatelital.com\/wp-content\/uploads\/2023\/08\/atencion_denuncias_boton_2.jpg.jpeg","jetpack_sharing_enabled":true,"_links":{"self":[{"href":"https:\/\/radiocresatelital.com\/index.php?rest_route=\/wp\/v2\/posts\/2565","targetHints":{"allow":["GET"]}}],"collection":[{"href":"https:\/\/radiocresatelital.com\/index.php?rest_route=\/wp\/v2\/posts"}],"about":[{"href":"https:\/\/radiocresatelital.com\/index.php?rest_route=\/wp\/v2\/types\/post"}],"author":[{"embeddable":true,"href":"https:\/\/radiocresatelital.com\/index.php?rest_route=\/wp\/v2\/users\/2"}],"replies":[{"embeddable":true,"href":"https:\/\/radiocresatelital.com\/index.php?rest_route=%2Fwp%2Fv2%2Fcomments&post=2565"}],"version-history":[{"count":1,"href":"https:\/\/radiocresatelital.com\/index.php?rest_route=\/wp\/v2\/posts\/2565\/revisions"}],"predecessor-version":[{"id":2567,"href":"https:\/\/radiocresatelital.com\/index.php?rest_route=\/wp\/v2\/posts\/2565\/revisions\/2567"}],"wp:featuredmedia":[{"embeddable":true,"href":"https:\/\/radiocresatelital.com\/index.php?rest_route=\/wp\/v2\/media\/2566"}],"wp:attachment":[{"href":"https:\/\/radiocresatelital.com\/index.php?rest_route=%2Fwp%2Fv2%2Fmedia&parent=2565"}],"wp:term":[{"taxonomy":"category","embeddable":true,"href":"https:\/\/radiocresatelital.com\/index.php?rest_route=%2Fwp%2Fv2%2Fcategories&post=2565"},{"taxonomy":"post_tag","embeddable":true,"href":"https:\/\/radiocresatelital.com\/index.php?rest_route=%2Fwp%2Fv2%2Ftags&post=2565"}],"curies":[{"name":"wp","href":"https:\/\/api.w.org\/{rel}","templated":true}]}}