{"id":25624,"date":"2025-03-25T21:45:33","date_gmt":"2025-03-25T21:45:33","guid":{"rendered":"https:\/\/radiocresatelital.com\/?p=25624"},"modified":"2025-03-25T21:45:56","modified_gmt":"2025-03-25T21:45:56","slug":"caminata-por-el-dia-mundial-contra-el-cancer-de-colon","status":"publish","type":"post","link":"https:\/\/radiocresatelital.com\/?p=25624","title":{"rendered":"Caminata por el D\u00eda Mundial contra el C\u00e1ncer de Colon"},"content":{"rendered":"<p>Guayaquil.- En el marco de la conmemoraci\u00f3n del D\u00eda Mundial contra el C\u00e1ncer de Colon, el Hospital General Los Ceibos desarrollar\u00e1 la campa\u00f1a de concientizaci\u00f3n: \u201cCaminando por la Vida\u201d, cuyo objetivo es sensibilizar sobre la importancia de adoptar h\u00e1bitos saludables para prevenir esta enfermedad.<\/p>\n<p>El c\u00e1ncer de colon es una de las principales causas de morbilidad y mortalidad en Ecuador. Seg\u00fan el Registro Nacional de Tumores de Solca Quito la incidencia en el pa\u00eds es de 16,6 casos por cada 100 mil habitantes, con una tasa de decesos de 8,2 en el mismo rango poblacional.<\/p>\n<p>\u201cEl c\u00e1ncer de colon es prevenible si se detecta a tiempo. De ah\u00ed la importancia de promover espacios educativos y actividades que fomenten el autocuidado y la conciencia sobre nuestra salud digestiva\u201d, explic\u00f3 Bella Morales, jefa del servicio de Gastroenterolog\u00eda del Hospital Los Ceibos.<\/p>\n<p>Como parte de la campa\u00f1a de concientizaci\u00f3n el 31 de marzo de 2025 se efectuar\u00e1 una caminata simb\u00f3lica en los exteriores de la unidad m\u00e9dica. El recorrido comenzar\u00e1 a las 9:30 y culminar\u00e1 a las 10:00 con una Casa Abierta en el pasillo principal del \u00e1rea de Consulta Externa.<\/p>\n<p>Durante esta actividad, el \u00e1rea de Nutrici\u00f3n Cl\u00ednica ofrecer\u00e1 recomendaciones nutricionales para la prevenci\u00f3n del c\u00e1ncer de colon; el servicio de Psicolog\u00eda Cl\u00ednica brindar\u00e1 apoyo emocional a los pacientes con esta enfermedad; Gastroenterolog\u00eda abordar\u00e1 los s\u00edntomas de alerta, los factores de riesgo, el diagn\u00f3stico y el tratamiento m\u00e9dico oportuno; y el \u00e1rea de Im\u00e1genes informar\u00e1 sobre los m\u00e9todos diagn\u00f3sticos de \u00faltima generaci\u00f3n disponibles en esta casa asistencial.<\/p>\n<p>El Hospital General Los Ceibos reafirma su compromiso con la promoci\u00f3n de una cultura de prevenci\u00f3n y el acceso a servicios de salud de calidad.<\/p>\n<p><strong>\u00a0<\/strong><\/p>\n","protected":false},"excerpt":{"rendered":"<p>Guayaquil.- En el marco de la conmemoraci\u00f3n del D\u00eda Mundial contra el C\u00e1ncer de Colon, el Hospital General Los Ceibos desarrollar\u00e1 la campa\u00f1a de concientizaci\u00f3n: \u201cCaminando por la Vida\u201d, cuyo objetivo es sensibilizar sobre la importancia de adoptar h\u00e1bitos saludables para prevenir esta enfermedad. El c\u00e1ncer de colon es una de las principales causas de [&hellip;]<\/p>\n","protected":false},"author":2,"featured_media":25625,"comment_status":"open","ping_status":"closed","sticky":false,"template":"","format":"standard","meta":{"_jetpack_memberships_contains_paid_content":false,"footnotes":""},"categories":[84],"tags":[3915,3781],"class_list":["post-25624","post","type-post","status-publish","format-standard","has-post-thumbnail","hentry","category-medicina","tag-dia-mundial-contra-el-cancer-de-colon","tag-hospital-general-los-ceibos"],"jetpack_featured_media_url":"https:\/\/radiocresatelital.com\/wp-content\/uploads\/2025\/03\/WhatsApp-Image-2025-03-25-at-16.37.38-scaled.jpeg","jetpack_sharing_enabled":true,"_links":{"self":[{"href":"https:\/\/radiocresatelital.com\/index.php?rest_route=\/wp\/v2\/posts\/25624","targetHints":{"allow":["GET"]}}],"collection":[{"href":"https:\/\/radiocresatelital.com\/index.php?rest_route=\/wp\/v2\/posts"}],"about":[{"href":"https:\/\/radiocresatelital.com\/index.php?rest_route=\/wp\/v2\/types\/post"}],"author":[{"embeddable":true,"href":"https:\/\/radiocresatelital.com\/index.php?rest_route=\/wp\/v2\/users\/2"}],"replies":[{"embeddable":true,"href":"https:\/\/radiocresatelital.com\/index.php?rest_route=%2Fwp%2Fv2%2Fcomments&post=25624"}],"version-history":[{"count":2,"href":"https:\/\/radiocresatelital.com\/index.php?rest_route=\/wp\/v2\/posts\/25624\/revisions"}],"predecessor-version":[{"id":25627,"href":"https:\/\/radiocresatelital.com\/index.php?rest_route=\/wp\/v2\/posts\/25624\/revisions\/25627"}],"wp:featuredmedia":[{"embeddable":true,"href":"https:\/\/radiocresatelital.com\/index.php?rest_route=\/wp\/v2\/media\/25625"}],"wp:attachment":[{"href":"https:\/\/radiocresatelital.com\/index.php?rest_route=%2Fwp%2Fv2%2Fmedia&parent=25624"}],"wp:term":[{"taxonomy":"category","embeddable":true,"href":"https:\/\/radiocresatelital.com\/index.php?rest_route=%2Fwp%2Fv2%2Fcategories&post=25624"},{"taxonomy":"post_tag","embeddable":true,"href":"https:\/\/radiocresatelital.com\/index.php?rest_route=%2Fwp%2Fv2%2Ftags&post=25624"}],"curies":[{"name":"wp","href":"https:\/\/api.w.org\/{rel}","templated":true}]}}