{"id":25405,"date":"2025-03-19T23:05:10","date_gmt":"2025-03-19T23:05:10","guid":{"rendered":"https:\/\/radiocresatelital.com\/?p=25405"},"modified":"2025-03-19T23:05:19","modified_gmt":"2025-03-19T23:05:19","slug":"quito-epicentro-del-foro-internacional-de-ciudadania-digital-2025","status":"publish","type":"post","link":"https:\/\/radiocresatelital.com\/?p=25405","title":{"rendered":"Quito, epicentro del Foro Internacional de Ciudadan\u00eda Digital 2025"},"content":{"rendered":"<p>Quito.-\u00a0En Quito, se inaugur\u00f3 el Foro Internacional de Ciudadan\u00eda Digital 2025 en el auditorio Emilio Uzc\u00e1tegui del Ministerio de Educaci\u00f3n. El evento busca promover la ciudadan\u00eda digital como parte integral de la educaci\u00f3n para toda la vida, tanto en el \u00e1mbito educativo como laboral.<\/p>\n<p>Este foro internacional organizado por la Direcci\u00f3n Nacional de Tecnolog\u00edas para la Educaci\u00f3n de la Subsecretar\u00eda para la Innovaci\u00f3n Educativa y el Buen Vivir del Ministerio de Educaci\u00f3n del Ecuador y la UNESCO en Ecuador. Se destaca la participaci\u00f3n de ponentes expertos como la Dra. Roxana Morduchowicz, consultora senior en Ciudadan\u00eda Digital \u2013 UNESCO.<\/p>\n<p>Gustavo Ayala, subsecretario para la Innovaci\u00f3n Educativa y Buen Vivir, abri\u00f3 este espacio enfatizando que se reflexionar\u00e1 sobre la importancia para los estudiantes del uso adecuado de la tecnolog\u00eda.\u00a0 \u201cEsta habilidad es fundamental para tener una sociedad justa y equitativa, este evento ser\u00e1 una plataforma invaluable para nuestros estudiantes y docentes\u201d.<\/p>\n<p>La ministra de Educaci\u00f3n, Alegr\u00eda Crespo, agradeci\u00f3 a los colaboradores de Educaci\u00f3n y de la UNESCO por hacer posible este importante encuentro para hablar sobre c\u00f3mo la tecnolog\u00eda digital est\u00e1 transformando nuestra sociedad y el rol esencial de la ciudadan\u00eda digital en la educaci\u00f3n. \u00a0\u201cLa colaboraci\u00f3n con aliados estrat\u00e9gicos como UNESCO ha sido crucial para avanzar en esta visi\u00f3n compartida de una educaci\u00f3n m\u00e1s inclusiva, equitativa y digital. Con el apoyo de todos los sectores de la sociedad, podemos garantizar que nuestras ni\u00f1as, ni\u00f1os y adolescentes est\u00e9n listos para las demandas de un mundo digitalizado y aprovechar las oportunidades que este ofrece\u201d.<\/p>\n<p>Por su parte, Nicol\u00e1s Reyes Morales, Oficial de Educaci\u00f3n de la UNESCO en Quito, expres\u00f3: \u201cLa tecnolog\u00eda ha entrado en nuestras vidas para quedarse, pero debemos tener en cuenta que hay desaf\u00edos y riesgos que enfrentar\u201d. Desde Unesco implementamos junto al Ministerio de Educaci\u00f3n herramientas para el aprendizaje de una ciudadan\u00eda digital, como el Kit del Maestro del Futuro, financiado por la GIZ.\u201d<\/p>\n<p>La ciudadan\u00eda digital implica el uso adecuado, responsable y \u00e9tico de la tecnolog\u00eda digital, es fundamental para evaluar informaci\u00f3n en l\u00ednea, proteger la privacidad y participar constructivamente en comunidades digitales.\u00a0 Tanto autoridades como docentes de las instituciones educativas deben conocer estrategias y herramientas para fortalecer sus competencias digitales, promoviendo el uso responsable de asistentes virtuales de inteligencia artificial.<\/p>\n<p>El Ministerio de Educaci\u00f3n ha implementado recursos educativos, lineamientos pedag\u00f3gicos y capacitaci\u00f3n para fortalecer la ciudadan\u00eda digital con la colaboraci\u00f3n del sector privado y organizaciones internacionales como la UNESCO, reafirmando su compromiso con la integraci\u00f3n de la ciudadan\u00eda digital en el sistema educativo y el uso responsable y \u00e9tico de la tecnolog\u00eda.<\/p>\n","protected":false},"excerpt":{"rendered":"<p>Quito.-\u00a0En Quito, se inaugur\u00f3 el Foro Internacional de Ciudadan\u00eda Digital 2025 en el auditorio Emilio Uzc\u00e1tegui del Ministerio de Educaci\u00f3n. El evento busca promover la ciudadan\u00eda digital como parte integral de la educaci\u00f3n para toda la vida, tanto en el \u00e1mbito educativo como laboral. Este foro internacional organizado por la Direcci\u00f3n Nacional de Tecnolog\u00edas para [&hellip;]<\/p>\n","protected":false},"author":2,"featured_media":25406,"comment_status":"open","ping_status":"closed","sticky":false,"template":"","format":"standard","meta":{"_jetpack_memberships_contains_paid_content":false,"footnotes":""},"categories":[13],"tags":[3985],"class_list":["post-25405","post","type-post","status-publish","format-standard","has-post-thumbnail","hentry","category-noticias-nacionales","tag-foro-internacional-de-ciudadania-digital-2025"],"jetpack_featured_media_url":"https:\/\/radiocresatelital.com\/wp-content\/uploads\/2025\/03\/g1-scaled.jpeg","jetpack_sharing_enabled":true,"_links":{"self":[{"href":"https:\/\/radiocresatelital.com\/index.php?rest_route=\/wp\/v2\/posts\/25405","targetHints":{"allow":["GET"]}}],"collection":[{"href":"https:\/\/radiocresatelital.com\/index.php?rest_route=\/wp\/v2\/posts"}],"about":[{"href":"https:\/\/radiocresatelital.com\/index.php?rest_route=\/wp\/v2\/types\/post"}],"author":[{"embeddable":true,"href":"https:\/\/radiocresatelital.com\/index.php?rest_route=\/wp\/v2\/users\/2"}],"replies":[{"embeddable":true,"href":"https:\/\/radiocresatelital.com\/index.php?rest_route=%2Fwp%2Fv2%2Fcomments&post=25405"}],"version-history":[{"count":1,"href":"https:\/\/radiocresatelital.com\/index.php?rest_route=\/wp\/v2\/posts\/25405\/revisions"}],"predecessor-version":[{"id":25407,"href":"https:\/\/radiocresatelital.com\/index.php?rest_route=\/wp\/v2\/posts\/25405\/revisions\/25407"}],"wp:featuredmedia":[{"embeddable":true,"href":"https:\/\/radiocresatelital.com\/index.php?rest_route=\/wp\/v2\/media\/25406"}],"wp:attachment":[{"href":"https:\/\/radiocresatelital.com\/index.php?rest_route=%2Fwp%2Fv2%2Fmedia&parent=25405"}],"wp:term":[{"taxonomy":"category","embeddable":true,"href":"https:\/\/radiocresatelital.com\/index.php?rest_route=%2Fwp%2Fv2%2Fcategories&post=25405"},{"taxonomy":"post_tag","embeddable":true,"href":"https:\/\/radiocresatelital.com\/index.php?rest_route=%2Fwp%2Fv2%2Ftags&post=25405"}],"curies":[{"name":"wp","href":"https:\/\/api.w.org\/{rel}","templated":true}]}}