{"id":25400,"date":"2025-03-19T22:26:54","date_gmt":"2025-03-19T22:26:54","guid":{"rendered":"https:\/\/radiocresatelital.com\/?p=25400"},"modified":"2025-03-19T23:03:00","modified_gmt":"2025-03-19T23:03:00","slug":"25400","status":"publish","type":"post","link":"https:\/\/radiocresatelital.com\/?p=25400","title":{"rendered":"Estudiantes Universitarios de Tungurahua dialogaron con el Presidente Daniel Noboa sobre las acciones del Gobierno por la Juventud"},"content":{"rendered":"<p>Ambato. \u2013 Como parte de su agenda en Ambato, el Presidente de la Rep\u00fablica, Daniel Noboa Azin, visit\u00f3 la ma\u00f1ana de este mi\u00e9rcoles 19 de marzo, la Universidad Tecnol\u00f3gica Indoam\u00e9rica. All\u00ed comparti\u00f3 un espacio de di\u00e1logo con la comunidad educativa sobre los logros y desaf\u00edos de su gobierno en materia de seguridad, social, productivo, econ\u00f3mico; as\u00ed como sus acciones para impulsar a la juventud ecuatoriana.<\/p>\n<p>El Jefe de Estado explic\u00f3 a los j\u00f3venes que su visi\u00f3n desde el inicio de su gesti\u00f3n fue \u201cdar oportunidades a la poblaci\u00f3n\u201d. Por consiguiente, detall\u00f3 que se han entregado 107.000 becas, de las cuales m\u00e1s de la mitad son para mujeres. Y, al mismo tiempo, por medio de la iniciativa J\u00f3venes en Acci\u00f3n se ha beneficiado a 80.000 personas . \u201cTodos estos casos generan dinamismo econ\u00f3mico, bienestar y se traduce en consumo (\u2026). Creer en los j\u00f3venes es la soluci\u00f3n\u201d, resalt\u00f3.<\/p>\n<p>Asimismo, mencion\u00f3 que uno de sus prop\u00f3sitos como Presidente es mejorar el modelo educativo superior p\u00fablico mediante la construcci\u00f3n de residencias universitarias que, al tiempo que promueven fuentes de trabajo, hacen m\u00e1s eficiente la gesti\u00f3n y distribuci\u00f3n de cupos en funci\u00f3n de las necesidades zonales.<\/p>\n<p>Precisamente, el secretario de Educaci\u00f3n Superior, Ciencia, Tecnolog\u00eda e Innovaci\u00f3n, C\u00e9sar V\u00e1squez, coment\u00f3 que, el objetivo del Gobierno es \u201cformar m\u00e1s j\u00f3venes con conocimientos actuales que aporten al sector productivo, a la sociedad y sean los actores del desarrollo del pa\u00eds\u201d. Por consiguiente, inform\u00f3 que, a trav\u00e9s de un convenio de cooperaci\u00f3n no reembolsable con la CAF se actualizar\u00e1 el modelo de la oferta educativa en las instituciones p\u00fablicas a fin de que las carreras est\u00e9n alineadas a las necesidades actuales y regionales.<\/p>\n<p>Sobre este punto, Sariha Moya, secretaria nacional de Planificaci\u00f3n, destac\u00f3 que el Gobierno agreg\u00f3 que esta administraci\u00f3n basa su planificaci\u00f3n en la pertinencia y potencial territorial, dando soluci\u00f3n a las necesidades de cada zona del Ecuador. Asimismo, indic\u00f3 que la buena gesti\u00f3n p\u00fablica de este gobierno se evidencia en el incremento de la paridad de g\u00e9nero.<\/p>\n<p>En este sentido, el Primer Mandatario hizo hincapi\u00e9 en que todos estos logros han sido posibles, pese a las condiciones adversas en las que recibi\u00f3 el pa\u00eds, con m\u00e1s de USD 4.600 millones en atrasos de pago. \u201cLo que hicimos el 2024 es lo que nos va a permitir sostener el 2025 y 2026 en programas sociales\u201d, puntualiz\u00f3.<\/p>\n<p>Adem\u00e1s, el Presidente de la Rep\u00fablica fue enf\u00e1tico al se\u00f1alar que es necesario demostrar que se puede tener fe en la nueva clase pol\u00edtica, resolviendo los problemas de servicios que se han ido acumulando a lo largo de los a\u00f1os.<\/p>\n<p>Por lo tanto, indic\u00f3 que es fundamental \u201cluchar contra una normativa que complica el progreso\u201d y viabilizar una Constituyente para reformar la Carta Magna y generar cambios estructurales, especialmente en el C\u00f3digo Org\u00e1nico Integral Penal (COIP), C\u00f3digo Mercantil y otros elementos que no se adaptan a la realidad actual.<\/p>\n<p>Asimismo, anticip\u00f3 que la salud y la educaci\u00f3n son \u00e1mbitos prioritarios. Por lo tanto en el primer caso se utilizar\u00e1n herramientas tecnol\u00f3gicos para agilizar el sistema de turnos y, al mismo tiempo, evitar focos de corrupci\u00f3n por concepto de derivaciones a hospitales privados. Mientras tanto, en educaci\u00f3n, el prop\u00f3sito es romper las trabas que impiden que los j\u00f3venes accedan a este derecho. Para conseguirlo, indic\u00f3 el Mandatario, se promover\u00e1 la flexibilidad educativa mediante sistemas duales: educaci\u00f3n presencial y telem\u00e1tica.<\/p>\n<p>Katy Cunalata, estudiante de Derecho, expres\u00f3 que este encuentro con el Presidente fue enriquecedor, \u201cporque respondi\u00f3 a dudas reales que tenemos y fue muy claro al explicarnos. Me llam\u00f3 mucho la atenci\u00f3n c\u00f3mo \u00e9l y su equipo de trabajo van a abordar la situaci\u00f3n econ\u00f3mica del pa\u00eds\u201d. A ello, Josu\u00e9 Real, agreg\u00f3 que \u201cNecesitamos un l\u00edderes como Daniel Noboa, que sabe tomar decisiones\u201d<\/p>\n","protected":false},"excerpt":{"rendered":"<p>Ambato. \u2013 Como parte de su agenda en Ambato, el Presidente de la Rep\u00fablica, Daniel Noboa Azin, visit\u00f3 la ma\u00f1ana de este mi\u00e9rcoles 19 de marzo, la Universidad Tecnol\u00f3gica Indoam\u00e9rica. All\u00ed comparti\u00f3 un espacio de di\u00e1logo con la comunidad educativa sobre los logros y desaf\u00edos de su gobierno en materia de seguridad, social, productivo, econ\u00f3mico; [&hellip;]<\/p>\n","protected":false},"author":2,"featured_media":25401,"comment_status":"open","ping_status":"closed","sticky":false,"template":"","format":"standard","meta":{"_jetpack_memberships_contains_paid_content":false,"footnotes":""},"categories":[13],"tags":[1322],"class_list":["post-25400","post","type-post","status-publish","format-standard","has-post-thumbnail","hentry","category-noticias-nacionales","tag-presidente-daniel-noboa"],"jetpack_featured_media_url":"https:\/\/radiocresatelital.com\/wp-content\/uploads\/2025\/03\/54397127266_a9e492e8ec_c.jpg","jetpack_sharing_enabled":true,"_links":{"self":[{"href":"https:\/\/radiocresatelital.com\/index.php?rest_route=\/wp\/v2\/posts\/25400","targetHints":{"allow":["GET"]}}],"collection":[{"href":"https:\/\/radiocresatelital.com\/index.php?rest_route=\/wp\/v2\/posts"}],"about":[{"href":"https:\/\/radiocresatelital.com\/index.php?rest_route=\/wp\/v2\/types\/post"}],"author":[{"embeddable":true,"href":"https:\/\/radiocresatelital.com\/index.php?rest_route=\/wp\/v2\/users\/2"}],"replies":[{"embeddable":true,"href":"https:\/\/radiocresatelital.com\/index.php?rest_route=%2Fwp%2Fv2%2Fcomments&post=25400"}],"version-history":[{"count":3,"href":"https:\/\/radiocresatelital.com\/index.php?rest_route=\/wp\/v2\/posts\/25400\/revisions"}],"predecessor-version":[{"id":25404,"href":"https:\/\/radiocresatelital.com\/index.php?rest_route=\/wp\/v2\/posts\/25400\/revisions\/25404"}],"wp:featuredmedia":[{"embeddable":true,"href":"https:\/\/radiocresatelital.com\/index.php?rest_route=\/wp\/v2\/media\/25401"}],"wp:attachment":[{"href":"https:\/\/radiocresatelital.com\/index.php?rest_route=%2Fwp%2Fv2%2Fmedia&parent=25400"}],"wp:term":[{"taxonomy":"category","embeddable":true,"href":"https:\/\/radiocresatelital.com\/index.php?rest_route=%2Fwp%2Fv2%2Fcategories&post=25400"},{"taxonomy":"post_tag","embeddable":true,"href":"https:\/\/radiocresatelital.com\/index.php?rest_route=%2Fwp%2Fv2%2Ftags&post=25400"}],"curies":[{"name":"wp","href":"https:\/\/api.w.org\/{rel}","templated":true}]}}