{"id":25397,"date":"2025-03-19T21:20:16","date_gmt":"2025-03-19T21:20:16","guid":{"rendered":"https:\/\/radiocresatelital.com\/?p=25397"},"modified":"2025-03-19T21:24:50","modified_gmt":"2025-03-19T21:24:50","slug":"el-ministerio-de-educacion-convoca-a-nueva-postulacion-para-vacantes-de-los-departamentos-de-consejeria-estudiantil-dece","status":"publish","type":"post","link":"https:\/\/radiocresatelital.com\/?p=25397","title":{"rendered":"El Ministerio de Educaci\u00f3n convoca a nueva postulaci\u00f3n para vacantes de los Departamentos de Consejer\u00eda Estudiantil \u2013 DECE"},"content":{"rendered":"<p>Quito.-\u00a0El Ministerio de Educaci\u00f3n convoca a profesionales en los campos de Educaci\u00f3n, Ciencias Sociales, Salud y Bienestar, cuyas carreras est\u00e9n asociadas con Psicolog\u00eda General, Psicolog\u00eda Educativa, Psicolog\u00eda Cl\u00ednica, Trabajo Social y afines, a postularse en el\u00a0proceso de contrataci\u00f3n de 500 profesionales para los Departamentos de Consejer\u00eda Estudiantil a realizarse a trav\u00e9s del m\u00f3dulo \u201cEduca Empleo para DECE\u201d, del 20 al 23 de marzo de 2025.<\/p>\n<p>Los aspirantes interesados en ingresar como profesionales DECE al sistema fiscal deber\u00e1n cumplir los siguientes requisitos:<\/p>\n<ol>\n<li>Contar, al menos, con un t\u00edtulo de tercer nivel t\u00e9cnico o tecnol\u00f3gico o de grado en los campos de Educaci\u00f3n, Ciencias Sociales, Salud y bienestar, cuyas carreras est\u00e9n asociadas con Psicolog\u00eda General, Psicolog\u00eda Educativa, Psicolog\u00eda Cl\u00ednica, Trabajo Social y afines, seg\u00fan lo establecido en el cat\u00e1logo de t\u00edtulos definido por la Autoridad Educativa Nacional debidamente registrados en el Sistema Nacional de Informaci\u00f3n de la Educaci\u00f3n Superior del Ecuador de la Secretar\u00eda Nacional de Educaci\u00f3n Superior, Ciencia, Tecnolog\u00eda e Innovaci\u00f3n, Senescyt.<\/li>\n<\/ol>\n<ol start=\"2\">\n<li>Inscribirse y registrar sus datos en la plataforma inform\u00e1tica habilitada para este proceso por el Ministerio de Educaci\u00f3n denominado\u00a0<strong>\u00abEDUCAEMPLEO PARA DECE\u00bb.<\/strong>\u00a0Para este prop\u00f3sito, el nivel central de la Autoridad Educativa Nacional ha publicado en la p\u00e1gina web institucional el Manual del Usuario.<\/li>\n<\/ol>\n<ol start=\"3\">\n<li>Cada aspirante debe ingresar y registrarse en la Plataforma Inform\u00e1tica\u00a0<strong>\u201cEDUCAEMPLEO PARA DECE\u201d:\u00a0<\/strong><a href=\"https:\/\/academico.educarecuador.gob.ec\/educaempleo\/#\/login\"><strong>https:\/\/academico.educarecuador.gob.ec\/educaempleo\/#\/login<\/strong><\/a>\u00a0donde obtendr\u00e1 un usuario y contrase\u00f1a de uso exclusivo. Luego de ingresar su informaci\u00f3n personal, el candidato aplicar\u00e1 a una vacante ofertada.<\/li>\n<\/ol>\n<ol start=\"4\">\n<li>Despu\u00e9s de la inscripci\u00f3n, el aspirante debe generar la aceptaci\u00f3n y declaraci\u00f3n digital sobre la veracidad de los datos ingresados en la misma plataforma.<\/li>\n<\/ol>\n<p>Se considerar\u00e1 que el aspirante no est\u00e1 inscrito si, al momento del registro en el sistema, no acepta las condiciones establecidas o no completa la informaci\u00f3n en el formulario.<\/p>\n<p>Recuerde:\u00a0No se podr\u00e1 agregar informaci\u00f3n despu\u00e9s de generar la aceptaci\u00f3n y declaraci\u00f3n digital.<\/p>\n<p><strong>\u00a0<\/strong><strong>Para m\u00e1s informaci\u00f3n visite el sitio:\u00a0<\/strong><a href=\"https:\/\/educacion.gob.ec\/educa-empleo-para-dece\/\"><strong>https:\/\/educacion.gob.ec\/educa-empleo-para-dece\/<\/strong><\/a><\/p>\n<ul>\n<li>Preguntas frecuentes del proceso:<\/li>\n<li>Manual del uso de la plataforma inform\u00e1tica \u201cEDUCA EMPLEO PARA DECE\u201d<\/li>\n<li>\u201cLineamientos Educa Empleo para aspirantes a profesionales DECE 2025\u201d.<\/li>\n<li>Contacto:\u00a0<a href=\"mailto:decenacional@educacion.gob.ec\"><strong>decenacional@educacion.gob.ec\u00a0<\/strong><\/a><\/li>\n<\/ul>\n<p>Posterior al proceso de selecci\u00f3n, las Unidades Distritales de Talento Humano realizar\u00e1n la regularizaci\u00f3n del ingreso de los profesionales.<\/p>\n<p>El Ministerio de Educaci\u00f3n garantiza el bienestar integral de los estudiantes en el sistema educativo mediante la contrataci\u00f3n de personal calificado. a trav\u00e9s de procesos transparentes y gratuitos.<\/p>\n","protected":false},"excerpt":{"rendered":"<p>Quito.-\u00a0El Ministerio de Educaci\u00f3n convoca a profesionales en los campos de Educaci\u00f3n, Ciencias Sociales, Salud y Bienestar, cuyas carreras est\u00e9n asociadas con Psicolog\u00eda General, Psicolog\u00eda Educativa, Psicolog\u00eda Cl\u00ednica, Trabajo Social y afines, a postularse en el\u00a0proceso de contrataci\u00f3n de 500 profesionales para los Departamentos de Consejer\u00eda Estudiantil a realizarse a trav\u00e9s del m\u00f3dulo \u201cEduca Empleo [&hellip;]<\/p>\n","protected":false},"author":2,"featured_media":25398,"comment_status":"open","ping_status":"closed","sticky":false,"template":"","format":"standard","meta":{"_jetpack_memberships_contains_paid_content":false,"footnotes":""},"categories":[13],"tags":[444],"class_list":["post-25397","post","type-post","status-publish","format-standard","has-post-thumbnail","hentry","category-noticias-nacionales","tag-ministerio-de-educacion"],"jetpack_featured_media_url":"https:\/\/radiocresatelital.com\/wp-content\/uploads\/2025\/03\/dece-1.jpg","jetpack_sharing_enabled":true,"_links":{"self":[{"href":"https:\/\/radiocresatelital.com\/index.php?rest_route=\/wp\/v2\/posts\/25397","targetHints":{"allow":["GET"]}}],"collection":[{"href":"https:\/\/radiocresatelital.com\/index.php?rest_route=\/wp\/v2\/posts"}],"about":[{"href":"https:\/\/radiocresatelital.com\/index.php?rest_route=\/wp\/v2\/types\/post"}],"author":[{"embeddable":true,"href":"https:\/\/radiocresatelital.com\/index.php?rest_route=\/wp\/v2\/users\/2"}],"replies":[{"embeddable":true,"href":"https:\/\/radiocresatelital.com\/index.php?rest_route=%2Fwp%2Fv2%2Fcomments&post=25397"}],"version-history":[{"count":1,"href":"https:\/\/radiocresatelital.com\/index.php?rest_route=\/wp\/v2\/posts\/25397\/revisions"}],"predecessor-version":[{"id":25399,"href":"https:\/\/radiocresatelital.com\/index.php?rest_route=\/wp\/v2\/posts\/25397\/revisions\/25399"}],"wp:featuredmedia":[{"embeddable":true,"href":"https:\/\/radiocresatelital.com\/index.php?rest_route=\/wp\/v2\/media\/25398"}],"wp:attachment":[{"href":"https:\/\/radiocresatelital.com\/index.php?rest_route=%2Fwp%2Fv2%2Fmedia&parent=25397"}],"wp:term":[{"taxonomy":"category","embeddable":true,"href":"https:\/\/radiocresatelital.com\/index.php?rest_route=%2Fwp%2Fv2%2Fcategories&post=25397"},{"taxonomy":"post_tag","embeddable":true,"href":"https:\/\/radiocresatelital.com\/index.php?rest_route=%2Fwp%2Fv2%2Ftags&post=25397"}],"curies":[{"name":"wp","href":"https:\/\/api.w.org\/{rel}","templated":true}]}}