{"id":25394,"date":"2025-03-19T20:59:23","date_gmt":"2025-03-19T20:59:23","guid":{"rendered":"https:\/\/radiocresatelital.com\/?p=25394"},"modified":"2025-03-19T20:59:23","modified_gmt":"2025-03-19T20:59:23","slug":"parlamento-andino-y-women-economic-forum-ecuador-firman-convenio-para-impulsar-la-educacion-y-el-liderazgo-femenino","status":"publish","type":"post","link":"https:\/\/radiocresatelital.com\/?p=25394","title":{"rendered":"Parlamento Andino y Women Economic Forum Ecuador firman convenio para impulsar la educaci\u00f3n y el liderazgo femenino"},"content":{"rendered":"<p>Quito.-\u00a0 El 16 de marzo, en el marco de la sesi\u00f3n ordinaria N.\u00b0126 de la Oficina de Representaci\u00f3n Parlamentaria Nacional del Ecuador, se firm\u00f3 un Convenio Marco de Cooperaci\u00f3n Interinstitucional entre el Parlamento Andino y el Women Economic Forum Ecuador (WEFEcuador). El acuerdo fue suscrito por Catalina Caj\u00edas, directora de WEFEcuador, y Virgilio Hern\u00e1ndez, vicepresidente del Parlamento Andino, con la presencia de los parlamentarios Ver\u00f3nica Arias, Mirian Cisneros, Larry Yumibanda y Pa\u00fal Desamblanc.<\/p>\n<p>Este convenio tiene como objetivo fortalecer la educaci\u00f3n de calidad en la regi\u00f3n, promover el liderazgo y generar programas conjuntos que ampl\u00eden las oportunidades educativas y econ\u00f3micas, especialmente para las mujeres. Adem\u00e1s, permitir\u00e1 que WEFEcuador cuente con el aval institucional del Parlamento Andino, potenciando su impacto global y su alcance en los pa\u00edses miembros.<\/p>\n<p>En este contexto, WEFEcuador prepara su V cap\u00edtulo en Ecuador, que se llevar\u00e1 a cabo los d\u00edas 11 y 12 de septiembre en la ciudad de Cuenca, consolid\u00e1ndose como una plataforma internacional de di\u00e1logo y acci\u00f3n en favor del desarrollo econ\u00f3mico y la equidad de g\u00e9nero.<\/p>\n<p>\u00abLa educaci\u00f3n es el puente para cerrar brechas y el motor del desarrollo. Con este convenio, estamos construyendo un futuro con m\u00e1s oportunidades para todos y uniendo esfuerzos para transformar la regi\u00f3n\u00bb, destac\u00f3 Catalina Caj\u00edas.<\/p>\n<p>El convenio, que tendr\u00e1 una vigencia de dos a\u00f1os, marca un hito en la colaboraci\u00f3n interinstitucional para promover el empoderamiento de las mujeres y reforzar el compromiso con una educaci\u00f3n inclusiva y de calidad en la regi\u00f3n andina.<\/p>\n","protected":false},"excerpt":{"rendered":"<p>Quito.-\u00a0 El 16 de marzo, en el marco de la sesi\u00f3n ordinaria N.\u00b0126 de la Oficina de Representaci\u00f3n Parlamentaria Nacional del Ecuador, se firm\u00f3 un Convenio Marco de Cooperaci\u00f3n Interinstitucional entre el Parlamento Andino y el Women Economic Forum Ecuador (WEFEcuador). El acuerdo fue suscrito por Catalina Caj\u00edas, directora de WEFEcuador, y Virgilio Hern\u00e1ndez, vicepresidente [&hellip;]<\/p>\n","protected":false},"author":2,"featured_media":25395,"comment_status":"open","ping_status":"closed","sticky":false,"template":"","format":"standard","meta":{"_jetpack_memberships_contains_paid_content":false,"footnotes":""},"categories":[13],"tags":[3984,3029],"class_list":["post-25394","post","type-post","status-publish","format-standard","has-post-thumbnail","hentry","category-noticias-nacionales","tag-parlamento-andino","tag-women-economic-forum-ecuador"],"jetpack_featured_media_url":"https:\/\/radiocresatelital.com\/wp-content\/uploads\/2025\/03\/IMG-20250317-WA00161.jpg","jetpack_sharing_enabled":true,"_links":{"self":[{"href":"https:\/\/radiocresatelital.com\/index.php?rest_route=\/wp\/v2\/posts\/25394","targetHints":{"allow":["GET"]}}],"collection":[{"href":"https:\/\/radiocresatelital.com\/index.php?rest_route=\/wp\/v2\/posts"}],"about":[{"href":"https:\/\/radiocresatelital.com\/index.php?rest_route=\/wp\/v2\/types\/post"}],"author":[{"embeddable":true,"href":"https:\/\/radiocresatelital.com\/index.php?rest_route=\/wp\/v2\/users\/2"}],"replies":[{"embeddable":true,"href":"https:\/\/radiocresatelital.com\/index.php?rest_route=%2Fwp%2Fv2%2Fcomments&post=25394"}],"version-history":[{"count":1,"href":"https:\/\/radiocresatelital.com\/index.php?rest_route=\/wp\/v2\/posts\/25394\/revisions"}],"predecessor-version":[{"id":25396,"href":"https:\/\/radiocresatelital.com\/index.php?rest_route=\/wp\/v2\/posts\/25394\/revisions\/25396"}],"wp:featuredmedia":[{"embeddable":true,"href":"https:\/\/radiocresatelital.com\/index.php?rest_route=\/wp\/v2\/media\/25395"}],"wp:attachment":[{"href":"https:\/\/radiocresatelital.com\/index.php?rest_route=%2Fwp%2Fv2%2Fmedia&parent=25394"}],"wp:term":[{"taxonomy":"category","embeddable":true,"href":"https:\/\/radiocresatelital.com\/index.php?rest_route=%2Fwp%2Fv2%2Fcategories&post=25394"},{"taxonomy":"post_tag","embeddable":true,"href":"https:\/\/radiocresatelital.com\/index.php?rest_route=%2Fwp%2Fv2%2Ftags&post=25394"}],"curies":[{"name":"wp","href":"https:\/\/api.w.org\/{rel}","templated":true}]}}