{"id":25391,"date":"2025-03-19T20:39:34","date_gmt":"2025-03-19T20:39:34","guid":{"rendered":"https:\/\/radiocresatelital.com\/?p=25391"},"modified":"2025-03-19T20:39:34","modified_gmt":"2025-03-19T20:39:34","slug":"los-mas-destacados-fotografos-latinoamericanos-de-los-sony-world-photography-awards-2025","status":"publish","type":"post","link":"https:\/\/radiocresatelital.com\/?p=25391","title":{"rendered":"Los m\u00e1s destacados fot\u00f3grafos latinoamericanos de los Sony World Photography Awards 2025"},"content":{"rendered":"<p>Quito.- La World Photography Organisation se complace en anunciar a la fot\u00f3grafa ganadora y la lista de finalistas del Latin America Professional Award, en su sexta edici\u00f3n. Este premio reconoce a los fot\u00f3grafos latinoamericanos que presentan una serie de fotograf\u00edas (entre 5 y 10). En esta ocasi\u00f3n, la lista de ganadores y finalistas se ha nutrido con participantes de pa\u00edses de casi toda la regi\u00f3n, con muestras de la diversidad cultural con la que se cuenta.<\/p>\n<p>El primer lugar del Latin America Professional Award lo obtuvo la peruana Florence Goupil, con su serie llamada Susurros del ma\u00edz, que explora y captura los esfuerzos por conservar m\u00e1s de 54 variedades de ma\u00edz en Per\u00fa y 65 en M\u00e9xico, una devoci\u00f3n que ha perdurado por m\u00e1s de 7,500 a\u00f1os ahora enfrenta la amenaza de desaparecer. Florence es una fot\u00f3grafa documentalista radicada en Cusco, Per\u00fa. Su trabajo se centra en los derechos humanos, la etnobot\u00e1nica, el medio ambiente y la memoria viva de los pueblos ind\u00edgenas.<\/p>\n<p>\u201cMe siento profundamente honrada de recibir el Primer Lugar del Latin America Professional Award en los Sony World Photography Awards 2025. Este reconocimiento es un aliento para seguir explorando aquellas historias que laten en la tierra y necesitan ser contadas. Agradezco con el coraz\u00f3n a quienes han sido parte de Susurros del Ma\u00edz, en especial a las comunidades de Per\u00fa y M\u00e9xico que cuidan la semilla, la resguardan en sus manos y la siembran en la memoria. A quienes me confiaron sus historias y, con su sabidur\u00eda, me ense\u00f1aron que somos ma\u00edz. Gracias a Sony y a la World Photography Organisation por brindar una plataforma que honra la fotograf\u00eda en su capacidad de resguardar la memoria, retratar la resiliencia y, sobre todo, generar conciencia sobre la protecci\u00f3n de nuestras semillas nativas\u201d, coment\u00f3 Florence acerca de su premio.<\/p>\n<p>Nicol\u00e1s Garrido, de Per\u00fa, gan\u00f3 el segundo lugar con su trabajo Alquimia Textil, que es un proyecto de exploraci\u00f3n que muestra las t\u00e9cnicas de te\u00f1ido natural que practican los artesanos de Pumaqwasin en Chinchero, Cusco.<\/p>\n<p>El argentino Mauricio Holc logr\u00f3 el tercer lugar de Latinoam\u00e9rica con su serie Yvy-mara ey (tierra sin maldad), que tiene como objetivo dar cuenta de la comunidad ind\u00edgena Mby\u00e1 Guaran\u00ed \u201cTekoa El Chap\u00e1\u201d, ubicada en Misiones, Argentina.<\/p>\n<p>Los fot\u00f3grafos que integran la lista de finalistas del Latin America Professional Award son: Iv\u00e1n Castaneira mexicano que representa a Ecuador, Carlos Venegas de Chile, Pablo Albarenga de Uruguay, Juli\u00e1n Ernesto Espejo de Colombia, Crist\u00f3bal Olivares de Chile, Jorge M\u00f3naco de Argentina y Mar\u00eda Portaluppi ecuatoriana que representa a Per\u00fa.<\/p>\n<p>Tambi\u00e9n se dieron a conocer los ganadores de los premios Regional Awards de este a\u00f1o, una iniciativa creada por la World Photography Organisation y Sony para respaldar a las comunidades fotogr\u00e1ficas locales de todo el mundo. Los Latin America Regional Awards reconocen a tres fot\u00f3grafos ganadores y una lista de finalistas, por sus incre\u00edbles im\u00e1genes individuales presentadas en la competencia Abierta.<\/p>\n<p>La ganadora del primer lugar del Latin America Regional Award es la mexicana Lucero Mora con su imagen El Norte, que refleja identidades urbanas a trav\u00e9s de conjuntos reciclados inspirados en tendencias de moda sustentable. Lucero ha ganado reconocimiento internacional por su visi\u00f3n \u00fanica de los espacios urbanos mexicanos. Su obra fusiona fotograf\u00eda tradicional y digital, explorando temas como la moda sustentable, el surrealismo y el arte latinoamericano. \u201cMe llena de orgullo y alegr\u00eda ver que la foto que tom\u00e9 en el lugar donde trabaja mi familia, en mi ciudad natal, ha recibido este reconocimiento. Cada espacio tiene una historia que contar, y estoy profundamente agradecida con los Sony World Photography Awards por darme esta plataforma.\u201d, coment\u00f3 Mora.<\/p>\n<p>El segundo puesto lo obtuvo Pedro Jarque de Per\u00fa, con su fotograf\u00eda Vortex; mientras que el tercer lugar fue para el colombiano Kevin Molano, por su trabajo P\u00e1ramo de Sumap\u00e1z, un portal ancestral.<\/p>\n<p>Los ganadores de ambas competencias reciben equipo de imagen digital Sony, adem\u00e1s de otros premios y reconocimientos.<\/p>\n<p>Los ganadores de las competencias Estudiantil, Juvenil, Abierta y Profesional de los premios Sony World Photography Awards 2025 se anunciar\u00e1n el 16 de abril y las obras ser\u00e1n parte de la muestra que se realizar\u00e1 en la Somerset House de Londres, del 17 de abril al 5 de mayo. Para obtener m\u00e1s informaci\u00f3n sobre los pr\u00f3ximos anuncios y los ganadores visita <a href=\"https:\/\/www.worldphoto.org\/\">https:\/\/www.worldphoto.org\/<\/a><\/p>\n","protected":false},"excerpt":{"rendered":"<p>Quito.- La World Photography Organisation se complace en anunciar a la fot\u00f3grafa ganadora y la lista de finalistas del Latin America Professional Award, en su sexta edici\u00f3n. Este premio reconoce a los fot\u00f3grafos latinoamericanos que presentan una serie de fotograf\u00edas (entre 5 y 10). En esta ocasi\u00f3n, la lista de ganadores y finalistas se ha [&hellip;]<\/p>\n","protected":false},"author":2,"featured_media":25392,"comment_status":"open","ping_status":"closed","sticky":false,"template":"","format":"standard","meta":{"_jetpack_memberships_contains_paid_content":false,"footnotes":""},"categories":[13],"tags":[3982,3983],"class_list":["post-25391","post","type-post","status-publish","format-standard","has-post-thumbnail","hentry","category-noticias-nacionales","tag-sony-world-photography-awards-2025","tag-world-photography-organisation"],"jetpack_featured_media_url":"https:\/\/radiocresatelital.com\/wp-content\/uploads\/2025\/03\/WhatsApp-Image-2025-03-19-at-12.16.10.jpeg","jetpack_sharing_enabled":true,"_links":{"self":[{"href":"https:\/\/radiocresatelital.com\/index.php?rest_route=\/wp\/v2\/posts\/25391","targetHints":{"allow":["GET"]}}],"collection":[{"href":"https:\/\/radiocresatelital.com\/index.php?rest_route=\/wp\/v2\/posts"}],"about":[{"href":"https:\/\/radiocresatelital.com\/index.php?rest_route=\/wp\/v2\/types\/post"}],"author":[{"embeddable":true,"href":"https:\/\/radiocresatelital.com\/index.php?rest_route=\/wp\/v2\/users\/2"}],"replies":[{"embeddable":true,"href":"https:\/\/radiocresatelital.com\/index.php?rest_route=%2Fwp%2Fv2%2Fcomments&post=25391"}],"version-history":[{"count":1,"href":"https:\/\/radiocresatelital.com\/index.php?rest_route=\/wp\/v2\/posts\/25391\/revisions"}],"predecessor-version":[{"id":25393,"href":"https:\/\/radiocresatelital.com\/index.php?rest_route=\/wp\/v2\/posts\/25391\/revisions\/25393"}],"wp:featuredmedia":[{"embeddable":true,"href":"https:\/\/radiocresatelital.com\/index.php?rest_route=\/wp\/v2\/media\/25392"}],"wp:attachment":[{"href":"https:\/\/radiocresatelital.com\/index.php?rest_route=%2Fwp%2Fv2%2Fmedia&parent=25391"}],"wp:term":[{"taxonomy":"category","embeddable":true,"href":"https:\/\/radiocresatelital.com\/index.php?rest_route=%2Fwp%2Fv2%2Fcategories&post=25391"},{"taxonomy":"post_tag","embeddable":true,"href":"https:\/\/radiocresatelital.com\/index.php?rest_route=%2Fwp%2Fv2%2Ftags&post=25391"}],"curies":[{"name":"wp","href":"https:\/\/api.w.org\/{rel}","templated":true}]}}