{"id":25388,"date":"2025-03-19T20:16:27","date_gmt":"2025-03-19T20:16:27","guid":{"rendered":"https:\/\/radiocresatelital.com\/?p=25388"},"modified":"2025-03-19T20:16:27","modified_gmt":"2025-03-19T20:16:27","slug":"fundacion-angel-de-la-guarda-realizo-homenaje-a-ganadora-del-premio-matilde-hidalgo-de-procel-2025","status":"publish","type":"post","link":"https:\/\/radiocresatelital.com\/?p=25388","title":{"rendered":"Fundaci\u00f3n \u00c1ngel de la Guarda realiz\u00f3 homenaje a ganadora del premio Matilde Hidalgo de Procel 2025"},"content":{"rendered":"<p>Machala.- Las socias de la Fundaci\u00f3n \u00c1ngel de la Guarda, con su presidenta Dra. Yolanda Velasco y su secretaria Sra. Alexandra Barros realizaron un homenaje a la Dra. Cecilia Valverde de Paladines, quien fue ganadora del premio Matilde Hidalgo de Procel 2025, entregado por el Municipio de Machala.<\/p>\n<p>Durante el evento que se desarroll\u00f3 en el Hotel Oro Verde de Machala se destac\u00f3 el trabajo de solidaridad desarrollado por la Dra. Cecilia Valverde de Paladines, quien es integrante de la Fundaci\u00f3n \u00c1ngel de la Guarda, fundaci\u00f3n que viene desarrollando una destacada labor de ayuda social en la ciudad de Machala desde hace m\u00e1s de 20 a\u00f1os.<\/p>\n<p>Tambi\u00e9n se destac\u00f3 el diploma recibido por parte de la Dra. Sonia Olmedo de Serrano, quien fue nominada al premio Matilde Hidalgo de Procel por parte del Municipio de Machala, y a la Lcda. Jenny Larrea, premio Matilde Hidalgo del a\u00f1o 2023.<\/p>\n<p>La Dra. Cecilia Valverde de Paladines, agradeci\u00f3 el gesto de sus compa\u00f1eras de la fundaci\u00f3n, pues gracias al trabajo desinteresado desde esta organizaci\u00f3n en beneficio de los sectores vulnerables le ha permitido ganar este reconocimiento.<\/p>\n","protected":false},"excerpt":{"rendered":"<p>Machala.- Las socias de la Fundaci\u00f3n \u00c1ngel de la Guarda, con su presidenta Dra. Yolanda Velasco y su secretaria Sra. Alexandra Barros realizaron un homenaje a la Dra. Cecilia Valverde de Paladines, quien fue ganadora del premio Matilde Hidalgo de Procel 2025, entregado por el Municipio de Machala. Durante el evento que se desarroll\u00f3 en [&hellip;]<\/p>\n","protected":false},"author":2,"featured_media":25389,"comment_status":"open","ping_status":"closed","sticky":false,"template":"","format":"standard","meta":{"_jetpack_memberships_contains_paid_content":false,"footnotes":""},"categories":[13],"tags":[3981],"class_list":["post-25388","post","type-post","status-publish","format-standard","has-post-thumbnail","hentry","category-noticias-nacionales","tag-fundacion-angel-de-la-guarda"],"jetpack_featured_media_url":"https:\/\/radiocresatelital.com\/wp-content\/uploads\/2025\/03\/WhatsApp-Image-2025-03-19-at-13.37.22.jpeg","jetpack_sharing_enabled":true,"_links":{"self":[{"href":"https:\/\/radiocresatelital.com\/index.php?rest_route=\/wp\/v2\/posts\/25388","targetHints":{"allow":["GET"]}}],"collection":[{"href":"https:\/\/radiocresatelital.com\/index.php?rest_route=\/wp\/v2\/posts"}],"about":[{"href":"https:\/\/radiocresatelital.com\/index.php?rest_route=\/wp\/v2\/types\/post"}],"author":[{"embeddable":true,"href":"https:\/\/radiocresatelital.com\/index.php?rest_route=\/wp\/v2\/users\/2"}],"replies":[{"embeddable":true,"href":"https:\/\/radiocresatelital.com\/index.php?rest_route=%2Fwp%2Fv2%2Fcomments&post=25388"}],"version-history":[{"count":1,"href":"https:\/\/radiocresatelital.com\/index.php?rest_route=\/wp\/v2\/posts\/25388\/revisions"}],"predecessor-version":[{"id":25390,"href":"https:\/\/radiocresatelital.com\/index.php?rest_route=\/wp\/v2\/posts\/25388\/revisions\/25390"}],"wp:featuredmedia":[{"embeddable":true,"href":"https:\/\/radiocresatelital.com\/index.php?rest_route=\/wp\/v2\/media\/25389"}],"wp:attachment":[{"href":"https:\/\/radiocresatelital.com\/index.php?rest_route=%2Fwp%2Fv2%2Fmedia&parent=25388"}],"wp:term":[{"taxonomy":"category","embeddable":true,"href":"https:\/\/radiocresatelital.com\/index.php?rest_route=%2Fwp%2Fv2%2Fcategories&post=25388"},{"taxonomy":"post_tag","embeddable":true,"href":"https:\/\/radiocresatelital.com\/index.php?rest_route=%2Fwp%2Fv2%2Ftags&post=25388"}],"curies":[{"name":"wp","href":"https:\/\/api.w.org\/{rel}","templated":true}]}}