{"id":25363,"date":"2025-03-18T22:04:15","date_gmt":"2025-03-18T22:04:15","guid":{"rendered":"https:\/\/radiocresatelital.com\/?p=25363"},"modified":"2025-03-18T22:15:12","modified_gmt":"2025-03-18T22:15:12","slug":"gobierno-teje-puentes-con-organizaciones-sociales-el-presidente-daniel-noboa-reconoce-la-lucha-historica-de-la-comunidad-indigena-de-quisapincha","status":"publish","type":"post","link":"https:\/\/radiocresatelital.com\/?p=25363","title":{"rendered":"Gobierno Teje Puentes con organizaciones sociales: El Presidente Daniel Noboa reconoce la lucha hist\u00f3rica de la comunidad ind\u00edgena de Quisapincha"},"content":{"rendered":"<p>Ambato. \u2013 \u201cEste gobierno no le tiene miedo al di\u00e1logo ni a la diversidad, porque sabemos que la unidad no se construye con imposiciones ni con discursos vac\u00edos, sino con hechos y con respeto mutuo\u201d , expres\u00f3 el Presidente de la Rep\u00fablica, Daniel Noboa Azin, este martes 18 de marzo en el acto de Entrega de registro de directiva al \u00abConsejo de Organizaciones y Pueblos Ind\u00edgenas Evang\u00e9licos de Quisapincha\u00bb (Copieq), efectuado en la Universidad de Ambato.<\/p>\n<p>\u201cEste no es solo un reconocimiento administrativo, es un acto de justicia hist\u00f3rica. Es el respeto a su voz, a su fe, a su lucha y a su derecho a decidir su propio destino\u201d, resalt\u00f3 el Primer Mandatario, pues se trata de un tr\u00e1mite que estuvo paralizado desde 2016, dado que los gobiernos anteriores no le brindaron la atenci\u00f3n ni la importancia que amerita.<\/p>\n<p>Precisamente, Marco Guatemal, secretario de Gesti\u00f3n y Desarrollo de Pueblos y Nacionalidades, manifest\u00f3 que se est\u00e1n fortaleciendo las estructuras organizativas de Tungurahua que respaldan la gesti\u00f3n del Gobierno Nacional en virtud de las acciones en beneficio de este sector. \u201cPresidente, el pueblo ind\u00edgena est\u00e1 agradecido porque, en el marco de trabajar y construir lo que dicta la Constituci\u00f3n, un Estado plurinacional e intercultural, estamos llegando a territorio y extendiendo esos requerimientos que por a\u00f1os fueron olvidados\u201d.<\/p>\n<p>Asimismo, Francisco Pualasin, presidente de la Copieq, agradeci\u00f3 que la administraci\u00f3n del presidente Noboa haya apostado por el reconocimiento de este colectivo social \u201cHemos seguido el tr\u00e1mite hace m\u00e1s de diez a\u00f1os sin conseguir registro de nombramiento (\u2026). Gracias a su gesti\u00f3n y apoyo incondicional, a partir de hoy podremos seguir trabajando para el pueblo de la parroquia de Quisapincha\u201d.<\/p>\n<p>En esta l\u00ednea, el Mandatario concluy\u00f3 ratificando: \u201cEstamos en un momento hist\u00f3rico. Hoy marcamos un antes y un despu\u00e9s para el Ecuador. Estamos reconstruyendo el pa\u00eds que devastaron los corruptos y los violentos. Estamos tejiendo puentes con las organizaciones sociales, con los pueblos y nacionalidades ind\u00edgenas, afro y montubios, porque la \u00fanica forma de ganar la guerra contra la violencia, el hambre<br \/>\ny el odio es unidos, como un solo pu\u00f1o, como una sola naci\u00f3n\u201d<\/p>\n<p>Este acto es de vital importancia para la transformaci\u00f3n del pa\u00eds, pues evidencia el genuino inter\u00e9s y el compromiso del gobierno para resolver nudos cr\u00edticos hist\u00f3ricos. Del mismo modo, visibiliza las luchas y aspiraciones de los pueblos ind\u00edgenas, que ahora s\u00ed son tomadas en cuenta.<\/p>\n","protected":false},"excerpt":{"rendered":"<p>Ambato. \u2013 \u201cEste gobierno no le tiene miedo al di\u00e1logo ni a la diversidad, porque sabemos que la unidad no se construye con imposiciones ni con discursos vac\u00edos, sino con hechos y con respeto mutuo\u201d , expres\u00f3 el Presidente de la Rep\u00fablica, Daniel Noboa Azin, este martes 18 de marzo en el acto de Entrega [&hellip;]<\/p>\n","protected":false},"author":2,"featured_media":25364,"comment_status":"open","ping_status":"closed","sticky":false,"template":"","format":"standard","meta":{"_jetpack_memberships_contains_paid_content":false,"footnotes":""},"categories":[13],"tags":[1322],"class_list":["post-25363","post","type-post","status-publish","format-standard","has-post-thumbnail","hentry","category-noticias-nacionales","tag-presidente-daniel-noboa"],"jetpack_featured_media_url":"https:\/\/radiocresatelital.com\/wp-content\/uploads\/2025\/03\/54395599276_6429b98938_c.jpg","jetpack_sharing_enabled":true,"_links":{"self":[{"href":"https:\/\/radiocresatelital.com\/index.php?rest_route=\/wp\/v2\/posts\/25363","targetHints":{"allow":["GET"]}}],"collection":[{"href":"https:\/\/radiocresatelital.com\/index.php?rest_route=\/wp\/v2\/posts"}],"about":[{"href":"https:\/\/radiocresatelital.com\/index.php?rest_route=\/wp\/v2\/types\/post"}],"author":[{"embeddable":true,"href":"https:\/\/radiocresatelital.com\/index.php?rest_route=\/wp\/v2\/users\/2"}],"replies":[{"embeddable":true,"href":"https:\/\/radiocresatelital.com\/index.php?rest_route=%2Fwp%2Fv2%2Fcomments&post=25363"}],"version-history":[{"count":2,"href":"https:\/\/radiocresatelital.com\/index.php?rest_route=\/wp\/v2\/posts\/25363\/revisions"}],"predecessor-version":[{"id":25369,"href":"https:\/\/radiocresatelital.com\/index.php?rest_route=\/wp\/v2\/posts\/25363\/revisions\/25369"}],"wp:featuredmedia":[{"embeddable":true,"href":"https:\/\/radiocresatelital.com\/index.php?rest_route=\/wp\/v2\/media\/25364"}],"wp:attachment":[{"href":"https:\/\/radiocresatelital.com\/index.php?rest_route=%2Fwp%2Fv2%2Fmedia&parent=25363"}],"wp:term":[{"taxonomy":"category","embeddable":true,"href":"https:\/\/radiocresatelital.com\/index.php?rest_route=%2Fwp%2Fv2%2Fcategories&post=25363"},{"taxonomy":"post_tag","embeddable":true,"href":"https:\/\/radiocresatelital.com\/index.php?rest_route=%2Fwp%2Fv2%2Ftags&post=25363"}],"curies":[{"name":"wp","href":"https:\/\/api.w.org\/{rel}","templated":true}]}}