{"id":25345,"date":"2025-03-18T21:25:44","date_gmt":"2025-03-18T21:25:44","guid":{"rendered":"https:\/\/radiocresatelital.com\/?p=25345"},"modified":"2025-03-18T21:25:44","modified_gmt":"2025-03-18T21:25:44","slug":"presidente-daniel-noboa-azin-y-transportistas-del-ecuador-establecen-acuerdos-para-fortalecer-a-este-sector-clave-para-la-economia-y-productividad-nacional","status":"publish","type":"post","link":"https:\/\/radiocresatelital.com\/?p=25345","title":{"rendered":"Presidente Daniel Noboa Az\u00edn y Transportistas del Ecuador establecen acuerdos para fortalecer a este sector, clave para la Econom\u00eda y Productividad Nacional"},"content":{"rendered":"<p>Cuenca.- La ma\u00f1ana de este martes 18 de marzo, el Presidente de la Rep\u00fablica, Daniel Noboa, mantuvo un encuentro con representantes del sector de transportistas del Ecuador en Azuay. Este encuentro permiti\u00f3 establecer acuerdos de trabajo coordinado que promueven el desarrollo de este gremio, precautelando su seguridad en las v\u00edas.<\/p>\n<p>El ministro de Transporte y Obras P\u00fablicas, Roberto Luque, expres\u00f3 que para el Gobierno es una prioridad conocer las demandas y necesidades de los transportistas, pilar de la econom\u00eda y la producci\u00f3n nacional. Por ello, durante el encuentro, junto al presidente de la Confederaci\u00f3n de Transportistas Terrestres del Ecuador, Napole\u00f3n Cabrera, suscribieron un convenio para la renovaci\u00f3n de la flota vehicular.<\/p>\n<p>Mediante el acuerdo, se implementar\u00e1 el Plan Nuevo Transporte. Esta iniciativa plantea mecanismos para facilitar el financiamiento para la renovaci\u00f3n de unidades de transporte, con incentivos para la chatarrizaci\u00f3n voluntaria de veh\u00edculos antiguos y contaminantes. Esto permitir\u00e1 reducir la circulaci\u00f3n de veh\u00edculos obsoletos y contaminantes, lo que contribuir\u00e1 a mejorar la seguridad vial, a garantizar la sostenibilidad ambiental y el fortalecimiento de la competitividad del sector del transporte.<\/p>\n<p>Adem\u00e1s, el Ministro explic\u00f3 que se concret\u00f3 la ampliaci\u00f3n de la vida \u00fatil de las unidades de transporte; as\u00ed como la generaci\u00f3n de productos crediticios por parte de la banca p\u00fablica.<\/p>\n<p>\u201cSiendo emp\u00e1ticos con la realidad que vivieron pospandemia, ampliamos a dos a\u00f1os m\u00e1s de vida \u00fatil a los transportes. Al mismo tiempo, les dimos un producto crediticio a plazos y tasas razonables para que puedan acceder a un cambio de unidad\u201d, sostuvo.<\/p>\n<p>Entre otro de los temas tratados estuvo los radares en las v\u00edas. Al respecto, el Ministro detall\u00f3 la lucha desplegada por el Gobierno para evitar la extorci\u00f3n a este sector mediante estos instrumentos en beneficio de ciertas empresas privadas.<\/p>\n<p>Tambi\u00e9n explic\u00f3 que, en cuanto a seguridad, se destaca la instalaci\u00f3n de GPS para seguridad f\u00edsica y vial y la dotaci\u00f3n de 124 patrullas de carretera por parte del Ministerio del Interior que van a beneficiar la seguridad vial y ciudadana del pa\u00eds. \u201cEste es un gobierno que ha simpatizado y ha coincidido en la agenda de los transportistas y por eso estamos aqu\u00ed conversando de manera conjunta\u201d, puntualiz\u00f3 el Ministro.<\/p>\n<p>Precisamente, sobre todos estos temas, Napole\u00f3n Cabrera se\u00f1al\u00f3: \u201cHemos pasado revista a todos los temas que se han trabajado en la mesa de seguridad y que han devuelto tranquilidad al sector de la transportaci\u00f3n. Hay logros muy importantes en la inseguridad que hab\u00eda en las carreteras y que ha disminuido. El fin que le hemos puesto a los radares (\u2026). Mientras otros ofrecen, el Gobierno del presidente Noboa lo hace realidad y eso para nosotros es totalmente satisfactorio porque nos abre la posibilidad de renovar nuestras herramientas de trabajo\u201d.<\/p>\n<p>En esta l\u00ednea, Abel G\u00f3mez, gerente de la Federaci\u00f3n Nacional de Cooperativas de Transporte de Pasajeros del Ecuador (Fenacotip), calific\u00f3 como hist\u00f3rica a esta reuni\u00f3n. \u201cEl Gobierno Nacional ha reafirmado el apoyo absoluto al trabajo que se viene dando (\u2026). Cada tema que estamos tratando est\u00e1 fielmente atendido con procesos a corto, mediano y largo plazo de soluci\u00f3n\u201d, coment\u00f3.<\/p>\n<p>Finalmente, Fanny Mosquera, presidenta de la Uni\u00f3n de Transporte Pesado del Ecuador y de la C\u00e1mara del Transporte Pesado del Puerto de Guayaquil tambi\u00e9n se sum\u00f3 al respaldo al Jefe de Estado, en virtud de su permanente voluntad de abrir espacios de di\u00e1logo y de atender a los requerimientos de la transportaci\u00f3n. \u201cPor primera vez un Presidente pens\u00f3 en erradicar esta forma abusiva de meterle la mano al bolsillo al transportista por medio de los radares (\u2026). El transporte debe trabajarse en mesas t\u00e9cnicas, tal como se hace ahora\u201d, concluy\u00f3.<\/p>\n","protected":false},"excerpt":{"rendered":"<p>Cuenca.- La ma\u00f1ana de este martes 18 de marzo, el Presidente de la Rep\u00fablica, Daniel Noboa, mantuvo un encuentro con representantes del sector de transportistas del Ecuador en Azuay. Este encuentro permiti\u00f3 establecer acuerdos de trabajo coordinado que promueven el desarrollo de este gremio, precautelando su seguridad en las v\u00edas. El ministro de Transporte y [&hellip;]<\/p>\n","protected":false},"author":2,"featured_media":25346,"comment_status":"open","ping_status":"closed","sticky":false,"template":"","format":"standard","meta":{"_jetpack_memberships_contains_paid_content":false,"footnotes":""},"categories":[13],"tags":[1322],"class_list":["post-25345","post","type-post","status-publish","format-standard","has-post-thumbnail","hentry","category-noticias-nacionales","tag-presidente-daniel-noboa"],"jetpack_featured_media_url":"https:\/\/radiocresatelital.com\/wp-content\/uploads\/2025\/03\/54395641219_254be90cb1_kjpg.jpg","jetpack_sharing_enabled":true,"_links":{"self":[{"href":"https:\/\/radiocresatelital.com\/index.php?rest_route=\/wp\/v2\/posts\/25345","targetHints":{"allow":["GET"]}}],"collection":[{"href":"https:\/\/radiocresatelital.com\/index.php?rest_route=\/wp\/v2\/posts"}],"about":[{"href":"https:\/\/radiocresatelital.com\/index.php?rest_route=\/wp\/v2\/types\/post"}],"author":[{"embeddable":true,"href":"https:\/\/radiocresatelital.com\/index.php?rest_route=\/wp\/v2\/users\/2"}],"replies":[{"embeddable":true,"href":"https:\/\/radiocresatelital.com\/index.php?rest_route=%2Fwp%2Fv2%2Fcomments&post=25345"}],"version-history":[{"count":1,"href":"https:\/\/radiocresatelital.com\/index.php?rest_route=\/wp\/v2\/posts\/25345\/revisions"}],"predecessor-version":[{"id":25347,"href":"https:\/\/radiocresatelital.com\/index.php?rest_route=\/wp\/v2\/posts\/25345\/revisions\/25347"}],"wp:featuredmedia":[{"embeddable":true,"href":"https:\/\/radiocresatelital.com\/index.php?rest_route=\/wp\/v2\/media\/25346"}],"wp:attachment":[{"href":"https:\/\/radiocresatelital.com\/index.php?rest_route=%2Fwp%2Fv2%2Fmedia&parent=25345"}],"wp:term":[{"taxonomy":"category","embeddable":true,"href":"https:\/\/radiocresatelital.com\/index.php?rest_route=%2Fwp%2Fv2%2Fcategories&post=25345"},{"taxonomy":"post_tag","embeddable":true,"href":"https:\/\/radiocresatelital.com\/index.php?rest_route=%2Fwp%2Fv2%2Ftags&post=25345"}],"curies":[{"name":"wp","href":"https:\/\/api.w.org\/{rel}","templated":true}]}}