{"id":25342,"date":"2025-03-18T21:17:58","date_gmt":"2025-03-18T21:17:58","guid":{"rendered":"https:\/\/radiocresatelital.com\/?p=25342"},"modified":"2025-03-18T21:17:58","modified_gmt":"2025-03-18T21:17:58","slug":"presidente-daniel-noboa-anuncio-decreto-para-defender-la-dolarizacion-en-el-pais","status":"publish","type":"post","link":"https:\/\/radiocresatelital.com\/?p=25342","title":{"rendered":"Presidente Daniel Noboa anunci\u00f3 decreto para defender la dolarizaci\u00f3n en el Pa\u00eds"},"content":{"rendered":"<p>Cuenca. \u2013 El Presidente de la Rep\u00fablica, Daniel Noboa Azin, inform\u00f3 que a trav\u00e9s del Decreto Ejecutivo No. 565 ratificar\u00e1 al d\u00f3lar como \u00fanico medio de pago oficial en Ecuador. El anuncio lo realiz\u00f3 esta ma\u00f1ana, 18 de marzo de 2025, en un di\u00e1logo con W Radio transmitido desde Cuenca. Tambi\u00e9n inform\u00f3 sobre la construcci\u00f3n de una zona franca tecnol\u00f3gica en la provincia y acciones gubernamentales en vialidad y salud.<\/p>\n<p><strong>Proteger la dolarizaci\u00f3n<\/strong><br \/>\nLa disposici\u00f3n presidencial en su primer art\u00edculo defiende al sistema de dolarizaci\u00f3n, ya que Ecuador \u201cno puede tener medidas alternativas de pago ni la dolarizaci\u00f3n se puede sostener o coexistir con una moneda electr\u00f3nica para ciertos temas del Estado\u201d. Adem\u00e1s, el Presidente insta a la bancada oficialista ADN para que presente una reforma constitucional que defienda a la divisa estadounidense en las pol\u00edticas monetarias que tome la Funci\u00f3n Ejecutiva.<\/p>\n<p>Con ello el Mandatario asegur\u00f3 que se evitar\u00e1 que la oposici\u00f3n pretenda usar una moneda alternativa que amenazar\u00eda a la estabilidad econ\u00f3mica del pa\u00eds: \u201cQuieren tener una medida de pago alternativa para que se pague a proveedores del Estado, sueldos y alimentar un gasto insostenible (\u2026). Si se recibe esa moneda que no se podr\u00e1 usar para comer, la persona tendr\u00e1 que venderla con descuento, es decir ser\u00e1 una moneda desvalorizada\u201d.<\/p>\n<p><strong>Una zona franca tecnol\u00f3gica en Azuay<\/strong><br \/>\nNoboa inform\u00f3 que en la segunda mitad de este a\u00f1o arrancar\u00eda el proyecto de implementar una zona franca tecnol\u00f3gica. Para ello, se mantienen conversaciones con Google, Amazon e India.<\/p>\n<p>Esta \u00e1rea generar\u00e1 centenares de empleos e impulsar\u00e1 la innovaci\u00f3n en Azuay y la zona sur del pa\u00eds.<\/p>\n<p><strong>Inversi\u00f3n en vialidad y salud<\/strong><br \/>\nJunto al gobierno coreano se avanza en el proyecto para la autopista Cuenca &#8211; Guayaquil indic\u00f3 el mandatario y agreg\u00f3 que se ha invertido un total de USD 126 millones para obra p\u00fablica; se destin\u00f3 USD 18 millones en el proyecto vial Cuenca \u2013 Molleturo \u2013 El Empalme: \u201cEstamos conscientes de la necesidad vial y vamos a inyectar todos los recursos en este a\u00f1o para priorizar la inversi\u00f3n p\u00fablica\u201d, expres\u00f3.<\/p>\n<p>El ministro de Transporte y Obras P\u00fablicas (MTOP), Roberto Luque asegur\u00f3 que este gobierno firm\u00f3 con la CAF un financiamiento de USD 100 millones para el proyecto del paso elevado Monay, que ya se encuentra en el portal de compras p\u00fablicas; tambi\u00e9n en licitaci\u00f3n est\u00e1 el paso a desnivel Gapal &#8211; 12 de octubre en Cuenca. Mientras que la Gir\u00f3n \u2013 Pasaje tiene un contrato de atenci\u00f3n en puntos cr\u00edticos; para este \u00faltimo ya se tienen los estudios definitivos.<\/p>\n<p>En materia de salud se entreg\u00f3 el adecentamiento de dos centros de salud en Cumbe (Cuenca) y Asunci\u00f3n (Gir\u00f3n), se ampli\u00f3 el sistema el\u00e9ctrico del Hospital Jos\u00e9 F\u00e9lix Valdivieso \u2013 Segunda Etapa, y el gobierno avanz\u00f3 con pagos a Solca Cuenca. En el sector educativo se reabrieron tres unidades educativas en Sigsig, Cuenca y Chordeleg y se han cambiado 10.000 vidas a trav\u00e9s de las becas educativas que se entregaron en Azuay. Y para fortalecer al sector agr\u00edcola de la provincia, el Presidente resalt\u00f3 que entreg\u00f3 2.778 t\u00edtulos de propiedad de tierra, 13 unidades m\u00f3viles agropecuarias, adem\u00e1s de kits agr\u00edcolas y asistencia t\u00e9cnica.<\/p>\n<p>Al finalizar el di\u00e1logo, Noboa se pronunci\u00f3 sobre la situaci\u00f3n de la llamada \u201cLiga Azul\u201d y los presuntos chats que est\u00e1n en manos de la Fiscal\u00eda: \u201cPreocupa mucho lo que se encontr\u00f3 dentro de los chats, como el tema de la terna para el Consejo de Judicatura (\u2026). Hay otros temas como la conversaci\u00f3n entre Andr\u00e9s Arauz y Verduga y su desinter\u00e9s en controlar el lavado de dinero o lo relacionado con la Superintendencia de Bancos. Hay cosas que preocupan mucho porque se ven conspiraciones, delitos, intentos de controlar varios poderes del Estado\u201d.<\/p>\n","protected":false},"excerpt":{"rendered":"<p>Cuenca. \u2013 El Presidente de la Rep\u00fablica, Daniel Noboa Azin, inform\u00f3 que a trav\u00e9s del Decreto Ejecutivo No. 565 ratificar\u00e1 al d\u00f3lar como \u00fanico medio de pago oficial en Ecuador. El anuncio lo realiz\u00f3 esta ma\u00f1ana, 18 de marzo de 2025, en un di\u00e1logo con W Radio transmitido desde Cuenca. Tambi\u00e9n inform\u00f3 sobre la construcci\u00f3n [&hellip;]<\/p>\n","protected":false},"author":2,"featured_media":25343,"comment_status":"open","ping_status":"closed","sticky":false,"template":"","format":"standard","meta":{"_jetpack_memberships_contains_paid_content":false,"footnotes":""},"categories":[13],"tags":[1322],"class_list":["post-25342","post","type-post","status-publish","format-standard","has-post-thumbnail","hentry","category-noticias-nacionales","tag-presidente-daniel-noboa"],"jetpack_featured_media_url":"https:\/\/radiocresatelital.com\/wp-content\/uploads\/2025\/03\/54393970542_9086486947_c.jpg","jetpack_sharing_enabled":true,"_links":{"self":[{"href":"https:\/\/radiocresatelital.com\/index.php?rest_route=\/wp\/v2\/posts\/25342","targetHints":{"allow":["GET"]}}],"collection":[{"href":"https:\/\/radiocresatelital.com\/index.php?rest_route=\/wp\/v2\/posts"}],"about":[{"href":"https:\/\/radiocresatelital.com\/index.php?rest_route=\/wp\/v2\/types\/post"}],"author":[{"embeddable":true,"href":"https:\/\/radiocresatelital.com\/index.php?rest_route=\/wp\/v2\/users\/2"}],"replies":[{"embeddable":true,"href":"https:\/\/radiocresatelital.com\/index.php?rest_route=%2Fwp%2Fv2%2Fcomments&post=25342"}],"version-history":[{"count":1,"href":"https:\/\/radiocresatelital.com\/index.php?rest_route=\/wp\/v2\/posts\/25342\/revisions"}],"predecessor-version":[{"id":25344,"href":"https:\/\/radiocresatelital.com\/index.php?rest_route=\/wp\/v2\/posts\/25342\/revisions\/25344"}],"wp:featuredmedia":[{"embeddable":true,"href":"https:\/\/radiocresatelital.com\/index.php?rest_route=\/wp\/v2\/media\/25343"}],"wp:attachment":[{"href":"https:\/\/radiocresatelital.com\/index.php?rest_route=%2Fwp%2Fv2%2Fmedia&parent=25342"}],"wp:term":[{"taxonomy":"category","embeddable":true,"href":"https:\/\/radiocresatelital.com\/index.php?rest_route=%2Fwp%2Fv2%2Fcategories&post=25342"},{"taxonomy":"post_tag","embeddable":true,"href":"https:\/\/radiocresatelital.com\/index.php?rest_route=%2Fwp%2Fv2%2Ftags&post=25342"}],"curies":[{"name":"wp","href":"https:\/\/api.w.org\/{rel}","templated":true}]}}