{"id":25330,"date":"2025-03-17T22:33:04","date_gmt":"2025-03-17T22:33:04","guid":{"rendered":"https:\/\/radiocresatelital.com\/?p=25330"},"modified":"2025-03-17T22:33:04","modified_gmt":"2025-03-17T22:33:04","slug":"superintendente-de-bancos-participo-en-el-foro-de-prevencion-de-lavado-de-activos","status":"publish","type":"post","link":"https:\/\/radiocresatelital.com\/?p=25330","title":{"rendered":"Superintendente de Bancos particip\u00f3 en el Foro de prevenci\u00f3n de Lavado de activos"},"content":{"rendered":"<p>Guayaquil.- Con el objetivo de fortalecer la lucha contra el lavado de activos, la Asociaci\u00f3n de Bancos Privados del Ecuador (ASOBANCA) y la Universidad de Especialidades Esp\u00edritu Santo (UEES) de Guayaquil organizaron el Foro de Prevenci\u00f3n de Lavado de Activos, el pasado 14 de marzo de 2025.<\/p>\n<p>El evento reuni\u00f3 a expertos en cumplimiento normativo y gesti\u00f3n de riesgos financieros para analizar los desaf\u00edos y avances en la prevenci\u00f3n del lavado de activos y el financiamiento del terrorismo en el pa\u00eds.<\/p>\n<p>Durante su intervenci\u00f3n, el Superintendente de Bancos, economista Roberto Romero von Bouchwald, se\u00f1al\u00f3 que el lavado de activos es un problema mundial, adem\u00e1s, indic\u00f3 que la ONU, estima que este il\u00edcito representa entre el 2% y 5% del PIB Mundial.<\/p>\n<p>Asimismo, enfatiz\u00f3 que el lavado de activos fomenta la criminalidad y la corrupci\u00f3n, debilita la integridad social, afecta la confianza en los sistemas financieros e instituciones del Estado y deteriora los est\u00e1ndares \u00e9ticos colectivos.<\/p>\n<p>Para combatir este delito, el Superintendente resalt\u00f3: \u201cEsto no lo hacemos solos. Hay todo un aparato institucional que debe coordinar acciones para combatir este delito desde la Prevenci\u00f3n, Regulaci\u00f3n, Supervisi\u00f3n, Control y Sanci\u00f3n\u201d y destac\u00f3 las acciones que llevan a cabo los bancos privados para enfrentar este delito con rigurosidad.<\/p>\n<p>Por su parte, Marco Rodr\u00edguez, presidente ejecutivo de ASOBANCA, coment\u00f3 que el compromiso de los bancos privados en la lucha contra el lavado de activos es permanente y ha sido reconocida como la que mayor madurez tiene en el pa\u00eds, al nivel de otros sistemas bancarios del mundo, tal como lo se\u00f1ala el informe de evaluaci\u00f3n mutua realizado por el Grupo de Acci\u00f3n Financiera de Latinoam\u00e9rica (GAFILAT).<\/p>\n<p>Rodr\u00edguez coment\u00f3 que los bancos privados aplican procesos robustos e innovadores, utilizando herramientas de primer nivel de an\u00e1lisis de datos e inteligencia artificial, que ha dado como resultado un promedio de 15 Reportes de Operaciones Sospechosas (ROS) diarios entregados a la Unidad de An\u00e1lisis Financiero y Econ\u00f3mico (UAFE), para su an\u00e1lisis y acci\u00f3n correspondiente.<\/p>\n<p>Finalmente, el Superintendente reafirm\u00f3 el compromiso de la Superintendencia de Bancos en proteger a los depositantes y usuarios financieros, garantizando un sistema financiero s\u00f3lido, estable y transparente.<\/p>\n","protected":false},"excerpt":{"rendered":"<p>Guayaquil.- Con el objetivo de fortalecer la lucha contra el lavado de activos, la Asociaci\u00f3n de Bancos Privados del Ecuador (ASOBANCA) y la Universidad de Especialidades Esp\u00edritu Santo (UEES) de Guayaquil organizaron el Foro de Prevenci\u00f3n de Lavado de Activos, el pasado 14 de marzo de 2025. El evento reuni\u00f3 a expertos en cumplimiento normativo [&hellip;]<\/p>\n","protected":false},"author":2,"featured_media":25331,"comment_status":"open","ping_status":"closed","sticky":false,"template":"","format":"standard","meta":{"_jetpack_memberships_contains_paid_content":false,"footnotes":""},"categories":[13],"tags":[3977,3196],"class_list":["post-25330","post","type-post","status-publish","format-standard","has-post-thumbnail","hentry","category-noticias-nacionales","tag-asociacion-de-bancos-privados-del-ecuador","tag-universidad-de-especialidades-espiritu-santo"],"jetpack_featured_media_url":"https:\/\/radiocresatelital.com\/wp-content\/uploads\/2025\/03\/foto-nota-lavado-guayaquil.jpeg.webp","jetpack_sharing_enabled":true,"_links":{"self":[{"href":"https:\/\/radiocresatelital.com\/index.php?rest_route=\/wp\/v2\/posts\/25330","targetHints":{"allow":["GET"]}}],"collection":[{"href":"https:\/\/radiocresatelital.com\/index.php?rest_route=\/wp\/v2\/posts"}],"about":[{"href":"https:\/\/radiocresatelital.com\/index.php?rest_route=\/wp\/v2\/types\/post"}],"author":[{"embeddable":true,"href":"https:\/\/radiocresatelital.com\/index.php?rest_route=\/wp\/v2\/users\/2"}],"replies":[{"embeddable":true,"href":"https:\/\/radiocresatelital.com\/index.php?rest_route=%2Fwp%2Fv2%2Fcomments&post=25330"}],"version-history":[{"count":1,"href":"https:\/\/radiocresatelital.com\/index.php?rest_route=\/wp\/v2\/posts\/25330\/revisions"}],"predecessor-version":[{"id":25332,"href":"https:\/\/radiocresatelital.com\/index.php?rest_route=\/wp\/v2\/posts\/25330\/revisions\/25332"}],"wp:featuredmedia":[{"embeddable":true,"href":"https:\/\/radiocresatelital.com\/index.php?rest_route=\/wp\/v2\/media\/25331"}],"wp:attachment":[{"href":"https:\/\/radiocresatelital.com\/index.php?rest_route=%2Fwp%2Fv2%2Fmedia&parent=25330"}],"wp:term":[{"taxonomy":"category","embeddable":true,"href":"https:\/\/radiocresatelital.com\/index.php?rest_route=%2Fwp%2Fv2%2Fcategories&post=25330"},{"taxonomy":"post_tag","embeddable":true,"href":"https:\/\/radiocresatelital.com\/index.php?rest_route=%2Fwp%2Fv2%2Ftags&post=25330"}],"curies":[{"name":"wp","href":"https:\/\/api.w.org\/{rel}","templated":true}]}}