{"id":25320,"date":"2025-03-17T21:27:51","date_gmt":"2025-03-17T21:27:51","guid":{"rendered":"https:\/\/radiocresatelital.com\/?p=25320"},"modified":"2025-03-17T21:27:51","modified_gmt":"2025-03-17T21:27:51","slug":"gobierno-del-nuevo-ecuador-transforma-bienes-incautados-en-obras-que-llevan-esperanza-a-la-ciudadania","status":"publish","type":"post","link":"https:\/\/radiocresatelital.com\/?p=25320","title":{"rendered":"Gobierno del Nuevo Ecuador transforma bienes incautados en obras que llevan esperanza a la ciudadan\u00eda"},"content":{"rendered":"<p>Gualaceo. \u2013 \u201cEstos eran lugares tomados por las bandas y la criminalidad. Nosotros los hemos transformado y los entregamos a quienes m\u00e1s lo necesitan. Eso es lo que buscamos: un pa\u00eds con m\u00e1s justicia y dignidad\u201d, fueron las expresiones del presidente de la Rep\u00fablica, Daniel Noboa Azin, este lunes 17 de marzo durante su recorrido y visita al Espacio Integral Familiar de Gualaceo; en donde ni\u00f1os, adolescentes, adultos, adultos mayores y personas con discapacidad tienen la posibilidad de recibir servicios gratuitos de educaci\u00f3n, salud, cuidado infantil, entre otros.<\/p>\n<p>Con la instalaci\u00f3n de este espacio, se prev\u00e9 beneficiar a cerca de 120.000 personas de Gualaceo, Paute, Chordeleg, Sigsig, El Pan, Sevilla de Oro y Guachapala. En esta l\u00ednea, el Jefe de Estado anunci\u00f3 que, como parte de este servicio se incluir\u00e1n un Centro de Desarrollo Infantil, un Espacio de Participaci\u00f3n Juvenil y tambi\u00e9n un sitio para los adultos mayores.<\/p>\n<p>Precisamente, Tania Matute, una de las beneficiarias del cant\u00f3n Gualaceo afirm\u00f3 que estos espacios de desarrollo social promueven la formaci\u00f3n de l\u00edderes con destrezas en diversas \u00e1reas productivas.<\/p>\n<p>\u201cMuchas gracias, porque hemos podido salir adelante, cada nueva habilidad en gastronom\u00eda y cultura son vitales para nuestro futuro\u201d, sostuvo. De su lado, el ministro de Inclusi\u00f3n Econ\u00f3mica y Social, Harold Burbano, destac\u00f3 que la estrategia de Espacios Integrales Familiares se construy\u00f3 desde el gabinete sectorial social del Presidente de la Rep\u00fablica. \u201cSu disposici\u00f3n fue que todos tenemos que trabajar para mejorar la calidad de vida de la gente\u201d, realiz\u00f3.<\/p>\n<p>Por lo tanto, explic\u00f3 Burbano, en coordinaci\u00f3n con Inmobiliar se encontr\u00f3 la importancia de implementar estos servicios directos para la ciudadan\u00eda y de calidad. \u201cEste era un lugar incautado, y ahora se pone a disposici\u00f3n de la gente. Vamos a firmar un convenio de uso con Inmobiliar para que esto se quede con ustedes (\u2026). Esto es suyo, apr\u00f3piense, porque el Nuevo Ecuador se construye con esperanza y alegr\u00eda\u201d, concluy\u00f3 el Ministro.<\/p>\n<p>En el marco de esta actividad, el Mandatario fue enf\u00e1tico al se\u00f1alar: \u201cQuiero que sepan que sigo recorriendo el Ecuador, con la esperanza y con alegr\u00eda de saber que poco a poco, paso a paso, estamos logrando cambios que son fundamentales\u201d.<\/p>\n","protected":false},"excerpt":{"rendered":"<p>Gualaceo. \u2013 \u201cEstos eran lugares tomados por las bandas y la criminalidad. Nosotros los hemos transformado y los entregamos a quienes m\u00e1s lo necesitan. Eso es lo que buscamos: un pa\u00eds con m\u00e1s justicia y dignidad\u201d, fueron las expresiones del presidente de la Rep\u00fablica, Daniel Noboa Azin, este lunes 17 de marzo durante su recorrido [&hellip;]<\/p>\n","protected":false},"author":2,"featured_media":25321,"comment_status":"open","ping_status":"closed","sticky":false,"template":"","format":"standard","meta":{"_jetpack_memberships_contains_paid_content":false,"footnotes":""},"categories":[13],"tags":[1931],"class_list":["post-25320","post","type-post","status-publish","format-standard","has-post-thumbnail","hentry","category-noticias-nacionales","tag-gobierno-del-nuevo-ecuador"],"jetpack_featured_media_url":"https:\/\/radiocresatelital.com\/wp-content\/uploads\/2025\/03\/54393408206_9f48c33ac7_c.jpg","jetpack_sharing_enabled":true,"_links":{"self":[{"href":"https:\/\/radiocresatelital.com\/index.php?rest_route=\/wp\/v2\/posts\/25320","targetHints":{"allow":["GET"]}}],"collection":[{"href":"https:\/\/radiocresatelital.com\/index.php?rest_route=\/wp\/v2\/posts"}],"about":[{"href":"https:\/\/radiocresatelital.com\/index.php?rest_route=\/wp\/v2\/types\/post"}],"author":[{"embeddable":true,"href":"https:\/\/radiocresatelital.com\/index.php?rest_route=\/wp\/v2\/users\/2"}],"replies":[{"embeddable":true,"href":"https:\/\/radiocresatelital.com\/index.php?rest_route=%2Fwp%2Fv2%2Fcomments&post=25320"}],"version-history":[{"count":1,"href":"https:\/\/radiocresatelital.com\/index.php?rest_route=\/wp\/v2\/posts\/25320\/revisions"}],"predecessor-version":[{"id":25322,"href":"https:\/\/radiocresatelital.com\/index.php?rest_route=\/wp\/v2\/posts\/25320\/revisions\/25322"}],"wp:featuredmedia":[{"embeddable":true,"href":"https:\/\/radiocresatelital.com\/index.php?rest_route=\/wp\/v2\/media\/25321"}],"wp:attachment":[{"href":"https:\/\/radiocresatelital.com\/index.php?rest_route=%2Fwp%2Fv2%2Fmedia&parent=25320"}],"wp:term":[{"taxonomy":"category","embeddable":true,"href":"https:\/\/radiocresatelital.com\/index.php?rest_route=%2Fwp%2Fv2%2Fcategories&post=25320"},{"taxonomy":"post_tag","embeddable":true,"href":"https:\/\/radiocresatelital.com\/index.php?rest_route=%2Fwp%2Fv2%2Ftags&post=25320"}],"curies":[{"name":"wp","href":"https:\/\/api.w.org\/{rel}","templated":true}]}}