{"id":25237,"date":"2025-03-13T20:17:01","date_gmt":"2025-03-13T20:17:01","guid":{"rendered":"https:\/\/radiocresatelital.com\/?p=25237"},"modified":"2025-03-13T21:20:38","modified_gmt":"2025-03-13T21:20:38","slug":"gobierno-invierte-en-obras-para-agua-potable-y-adquision-de-maquinaria-vial-para-muisne","status":"publish","type":"post","link":"https:\/\/radiocresatelital.com\/?p=25237","title":{"rendered":"Gobierno invierte en obras para Agua Potable y adquisi\u00f3n de maquinaria vial para Muisne"},"content":{"rendered":"<p>Muisne \u2013 El presidente Daniel Noboa Azin cumple agenda en territorio desde ayer en la provincia de Esmeraldas. Hoy, en un evento desarrollado en Muisne, entreg\u00f3 recursos para mejorar el acceso a agua segura, la infraestructura vial y la conectividad de la zona. La inversi\u00f3n incluye financiamiento para la ampliaci\u00f3n, mejoramiento y mantenimiento de los sistemas de agua potable y la adquisici\u00f3n de maquinaria vial. Adem\u00e1s, se firm\u00f3 un convenio para la operaci\u00f3n de la gabarra El Morro, que aportar\u00e1 a la movilidad y productividad de los pobladores.<\/p>\n<p>Durante su discurso, el Primer Mandatario destac\u00f3 el compromiso de su gobierno con la provincia y se\u00f1al\u00f3: \u201cDesde el d\u00eda uno pusimos como prioridad a Esmeraldas y especialmente a los rincones de la provincia que hab\u00edan sido olvidados por los gobiernos pasados\u201d. Y agreg\u00f3: \u201cEsmeraldas nunca m\u00e1s tiene que ser invisible para el gobierno central, tiene que ser protagonista en este pa\u00eds porque tiene todo para salir adelante. Y nosotros tenemos que acompa\u00f1ar a su gente y trabajar con el pueblo\u201d.<\/p>\n<p>A trav\u00e9s del Banco de Desarrollo del Ecuador (BDE), se entregaron dos cr\u00e9ditos al Gobierno Aut\u00f3nomo Descentralizado (GAD) Municipal de Muisne. El primero suma m\u00e1s de USD 2.1 millones que ser\u00e1n destinados para el mejoramiento y ampliaci\u00f3n del sistema de agua potable en la cabecera parroquial de Chamanga y sus localidades aleda\u00f1as. Esta inversi\u00f3n permitir\u00e1 garantizar el acceso a agua segura para la poblaci\u00f3n, fortaleciendo la salud p\u00fablica y promoviendo el desarrollo sostenible en la zona.<\/p>\n<p>En ese sentido, la alcaldesa de Muisne, Yuri Colorado, expres\u00f3: \u201cAntes ni siquiera exist\u00eda la posibilidad de pensar en agua. Hoy, gracias a la voluntad de un Jefe de Estado, podemos dotar de agua a Chamanga y a las siete comunidades\u201d.<\/p>\n<p>Por otro lado, el segundo cr\u00e9dito entregado fue de USD 612.025 para adquirir equipo caminero y ejecutar el plan vial quinquenal del cant\u00f3n. De esta manera, se busca fortalecer la atenci\u00f3n y rehabilitaci\u00f3n de la infraestructura vial, facilitando la movilidad de habitantes, productores, comerciantes y turistas, e impulsando el desarrollo econ\u00f3mico y social del territorio. \u201cLa entrega de recursos es una inversi\u00f3n en el futuro de Muisne. No solo se trata de entregar dinero, se trata de generar oportunidades\u201d, asever\u00f3 Carlos Rivera, gerente del BDE.<\/p>\n<p><strong>M\u00e1s gesti\u00f3n para el desarrollo de Muisne<\/strong><br \/>\nDurante el evento, tambi\u00e9n el Ministerio de Transporte y Obras P\u00fablicas (MTOP) anunci\u00f3 la entrega al GAD Muisne de USD 5.3 millones para la repotenciaci\u00f3n del sistema de agua potable, en el marco de la Reconstrucci\u00f3n y Reactivaci\u00f3n Productiva de Manab\u00ed y Esmeraldas. As\u00ed como USD 2.7 millones que ser\u00e1n destinados al mantenimiento y rehabilitaci\u00f3n de la v\u00eda E15 &#8211; Bol\u00edvar, con una extensi\u00f3n de 4.4 kil\u00f3metros, para que sea ejecutado por la Prefectura de Esmeraldas.<\/p>\n<p>Asimismo, el MTOP suscribi\u00f3 un convenio para la entrega de la gabarra El Morro, con el prop\u00f3sito de mejorar la conectividad entre la cabecera cantonal de Muisne y sus parroquias, especialmente en zonas de dif\u00edcil acceso. Se estima que esta acci\u00f3n beneficie, por lo menos, a 36.426 personas.<\/p>\n<p>Con una capacidad de carga de 120 toneladas, la embarcaci\u00f3n fluvial est\u00e1 dise\u00f1ada para transportar veh\u00edculos, carga pesada, materiales de construcci\u00f3n, productos de primera necesidad, residuos s\u00f3lidos y otros bienes esenciales para la poblaci\u00f3n.<\/p>\n<p>\u201cVamos a garantizar que estas obras se ejecuten y beneficien a quienes m\u00e1s lo necesiten en plazos razonables. Esto quiere decir r\u00e1pido y tambi\u00e9n sin sobreprecio\u201d, sostuvo el ministro Roberto Luque.<\/p>\n<p>Estas acciones no solo representan un avance inmediato en la calidad de vida de los habitantes de Muisne, sino que tambi\u00e9n contribuyen a sentar bases s\u00f3lidas para un futuro con m\u00e1s oportunidades y equitativo. El Gobierno Nacional, bajo el liderazgo del presidente Noboa, reafirma su compromiso con el progreso de las comunidades a escala nacional, garantizando inversiones estrat\u00e9gicas que impulsan el bienestar de los ciudadanos y promueven el desarrollo nacional.<\/p>\n","protected":false},"excerpt":{"rendered":"<p>Muisne \u2013 El presidente Daniel Noboa Azin cumple agenda en territorio desde ayer en la provincia de Esmeraldas. Hoy, en un evento desarrollado en Muisne, entreg\u00f3 recursos para mejorar el acceso a agua segura, la infraestructura vial y la conectividad de la zona. La inversi\u00f3n incluye financiamiento para la ampliaci\u00f3n, mejoramiento y mantenimiento de los [&hellip;]<\/p>\n","protected":false},"author":2,"featured_media":25238,"comment_status":"open","ping_status":"closed","sticky":false,"template":"","format":"standard","meta":{"_jetpack_memberships_contains_paid_content":false,"footnotes":""},"categories":[13],"tags":[1322],"class_list":["post-25237","post","type-post","status-publish","format-standard","has-post-thumbnail","hentry","category-noticias-nacionales","tag-presidente-daniel-noboa"],"jetpack_featured_media_url":"https:\/\/radiocresatelital.com\/wp-content\/uploads\/2025\/03\/54385109720_ddc756474c_c.jpg","jetpack_sharing_enabled":true,"_links":{"self":[{"href":"https:\/\/radiocresatelital.com\/index.php?rest_route=\/wp\/v2\/posts\/25237","targetHints":{"allow":["GET"]}}],"collection":[{"href":"https:\/\/radiocresatelital.com\/index.php?rest_route=\/wp\/v2\/posts"}],"about":[{"href":"https:\/\/radiocresatelital.com\/index.php?rest_route=\/wp\/v2\/types\/post"}],"author":[{"embeddable":true,"href":"https:\/\/radiocresatelital.com\/index.php?rest_route=\/wp\/v2\/users\/2"}],"replies":[{"embeddable":true,"href":"https:\/\/radiocresatelital.com\/index.php?rest_route=%2Fwp%2Fv2%2Fcomments&post=25237"}],"version-history":[{"count":1,"href":"https:\/\/radiocresatelital.com\/index.php?rest_route=\/wp\/v2\/posts\/25237\/revisions"}],"predecessor-version":[{"id":25239,"href":"https:\/\/radiocresatelital.com\/index.php?rest_route=\/wp\/v2\/posts\/25237\/revisions\/25239"}],"wp:featuredmedia":[{"embeddable":true,"href":"https:\/\/radiocresatelital.com\/index.php?rest_route=\/wp\/v2\/media\/25238"}],"wp:attachment":[{"href":"https:\/\/radiocresatelital.com\/index.php?rest_route=%2Fwp%2Fv2%2Fmedia&parent=25237"}],"wp:term":[{"taxonomy":"category","embeddable":true,"href":"https:\/\/radiocresatelital.com\/index.php?rest_route=%2Fwp%2Fv2%2Fcategories&post=25237"},{"taxonomy":"post_tag","embeddable":true,"href":"https:\/\/radiocresatelital.com\/index.php?rest_route=%2Fwp%2Fv2%2Ftags&post=25237"}],"curies":[{"name":"wp","href":"https:\/\/api.w.org\/{rel}","templated":true}]}}