{"id":25210,"date":"2025-03-13T20:20:57","date_gmt":"2025-03-13T20:20:57","guid":{"rendered":"https:\/\/radiocresatelital.com\/?p=25210"},"modified":"2025-03-13T20:20:57","modified_gmt":"2025-03-13T20:20:57","slug":"guayaquil-defiende-su-autonomia-concejo-municipal-rechaza-la-injerencia-del-gobierno-nacional-en-el-parque-samanes","status":"publish","type":"post","link":"https:\/\/radiocresatelital.com\/?p=25210","title":{"rendered":"Guayaquil defiende su autonom\u00eda: Concejo Municipal rechaza la injerencia del Gobierno Nacional en el Parque Samanes"},"content":{"rendered":"<p>Guayaquil.- El Concejo Municipal de Guayaquil defendi\u00f3 la competencia municipal sobre el Parque Samanes. En su intervenci\u00f3n, el Alcalde Aquiles Alvarez expres\u00f3 que \u201ca pesar de la persecuci\u00f3n hacia Guayaquil, la ciudad ha salido adelante. A Guayaquil le deben 4 meses de rentas de sus propios recursos por el modelo de equidad territorial. Nos han perseguido no solo a nivel personal, sino tambi\u00e9n a nivel institucional\u201d.<\/p>\n<p>El burgomaestre destac\u00f3 que, a pesar de las dificultades econ\u00f3micas y la falta de apoyo del Estado, el Municipio ha logrado avanzar. \u201cNosotros solucionamos y seguimos adelante. M\u00e1s all\u00e1 de que se quiera destruir a Guayaquil, no lo hemos permitido y no lo vamos a permitir\u201d, afirm\u00f3.<\/p>\n<p>Algo similar expres\u00f3 la vicealcaldesa Blanca L\u00f3pez al se\u00f1alar que pese a las deudas del Gobierno Nacional persisten los intentos por asumir el control de m\u00e1s espacios, como el Parque Samanes. \u201cEn la reuni\u00f3n con gobiernos descentralizados se indic\u00f3 que son USD 76 millones los que se le deben al Municipio de Guayaquil. Sin embargo, como somos una administraci\u00f3n eficiente y responsable, que trabaja bajo una planificaci\u00f3n seria, hemos logrado que, en 2024, la dependencia financiera del Municipio de Guayaquil, que era del 50%, ahora sea del 36%\u201d, destac\u00f3.<\/p>\n<p>L\u00f3pez hizo un llamado al Ejecutivo a cumplir primero con sus compromisos antes de asumir nuevas competencias: \u201cAntes de estar pensando en asumir competencias, primero deben cumplir con los municipios y prefecturas del pa\u00eds\u201d.<\/p>\n<p>La concejala Soledad Diab expres\u00f3 su apoyo a la gesti\u00f3n del Alcalde Alvarez, resaltando la renovaci\u00f3n del Parque Samanes, ya que gracias a la gesti\u00f3n del Alcalde Aquiles Alvarez \u201cnuevamente Samanes volvi\u00f3 a vestir sus galas, con recursos de todos los guayaquile\u00f1os\u201d. Tambi\u00e9n advirti\u00f3 sobre el da\u00f1o que podr\u00eda generar a la ciudad la insistencia del Gobierno en estos temas, \u201ccausando m\u00e1s dolor a nuestra Perla del Pac\u00edfico, a la ciudad que aporta m\u00e1s de USD 27 mil millones de riqueza al pa\u00eds. Si nos buscan, aqu\u00ed estaremos\u201d, concluy\u00f3.<\/p>\n","protected":false},"excerpt":{"rendered":"<p>Guayaquil.- El Concejo Municipal de Guayaquil defendi\u00f3 la competencia municipal sobre el Parque Samanes. En su intervenci\u00f3n, el Alcalde Aquiles Alvarez expres\u00f3 que \u201ca pesar de la persecuci\u00f3n hacia Guayaquil, la ciudad ha salido adelante. A Guayaquil le deben 4 meses de rentas de sus propios recursos por el modelo de equidad territorial. Nos han [&hellip;]<\/p>\n","protected":false},"author":2,"featured_media":25211,"comment_status":"open","ping_status":"closed","sticky":false,"template":"","format":"standard","meta":{"_jetpack_memberships_contains_paid_content":false,"footnotes":""},"categories":[13],"tags":[2093],"class_list":["post-25210","post","type-post","status-publish","format-standard","has-post-thumbnail","hentry","category-noticias-nacionales","tag-concejo-municipal-de-guayaquil"],"jetpack_featured_media_url":"https:\/\/radiocresatelital.com\/wp-content\/uploads\/2025\/03\/WhatsApp-Image-2025-03-13-at-15.16.03.jpeg","jetpack_sharing_enabled":true,"_links":{"self":[{"href":"https:\/\/radiocresatelital.com\/index.php?rest_route=\/wp\/v2\/posts\/25210","targetHints":{"allow":["GET"]}}],"collection":[{"href":"https:\/\/radiocresatelital.com\/index.php?rest_route=\/wp\/v2\/posts"}],"about":[{"href":"https:\/\/radiocresatelital.com\/index.php?rest_route=\/wp\/v2\/types\/post"}],"author":[{"embeddable":true,"href":"https:\/\/radiocresatelital.com\/index.php?rest_route=\/wp\/v2\/users\/2"}],"replies":[{"embeddable":true,"href":"https:\/\/radiocresatelital.com\/index.php?rest_route=%2Fwp%2Fv2%2Fcomments&post=25210"}],"version-history":[{"count":1,"href":"https:\/\/radiocresatelital.com\/index.php?rest_route=\/wp\/v2\/posts\/25210\/revisions"}],"predecessor-version":[{"id":25212,"href":"https:\/\/radiocresatelital.com\/index.php?rest_route=\/wp\/v2\/posts\/25210\/revisions\/25212"}],"wp:featuredmedia":[{"embeddable":true,"href":"https:\/\/radiocresatelital.com\/index.php?rest_route=\/wp\/v2\/media\/25211"}],"wp:attachment":[{"href":"https:\/\/radiocresatelital.com\/index.php?rest_route=%2Fwp%2Fv2%2Fmedia&parent=25210"}],"wp:term":[{"taxonomy":"category","embeddable":true,"href":"https:\/\/radiocresatelital.com\/index.php?rest_route=%2Fwp%2Fv2%2Fcategories&post=25210"},{"taxonomy":"post_tag","embeddable":true,"href":"https:\/\/radiocresatelital.com\/index.php?rest_route=%2Fwp%2Fv2%2Ftags&post=25210"}],"curies":[{"name":"wp","href":"https:\/\/api.w.org\/{rel}","templated":true}]}}