{"id":25207,"date":"2025-03-13T20:17:55","date_gmt":"2025-03-13T20:17:55","guid":{"rendered":"https:\/\/radiocresatelital.com\/?p=25207"},"modified":"2025-03-13T20:17:55","modified_gmt":"2025-03-13T20:17:55","slug":"con-casa-abierta-hospital-teofilo-davila-conmemoro-el-dia-mundial-del-rinon","status":"publish","type":"post","link":"https:\/\/radiocresatelital.com\/?p=25207","title":{"rendered":"Con Casa Abierta, Hospital \u00abTe\u00f3filo D\u00e1vila\u00bb conmemor\u00f3 el D\u00eda Mundial del Ri\u00f1\u00f3n"},"content":{"rendered":"<p>Machala.- Con casa abierta, charlas educativas, ejercicios y toma de signos vitales se conmemor\u00f3 el D\u00eda Mundial del Ri\u00f1\u00f3n en el Hospital Te\u00f3filo D\u00e1vila, de Machala. El segundo jueves de marzo de cada a\u00f1o, se recuerda esta fecha con el objetivo de prevenir esta enfermedad.<\/p>\n<p>\u201c100 pacientes con insuficiencia renal cr\u00f3nica reciben atenci\u00f3n especializada en esta casa de salud\u201d, destac\u00f3 Peter Ojeda, gerente del Hospital Te\u00f3filo D\u00e1vila, quien resalt\u00f3 el trabajo que realiza el \u00e1rea de di\u00e1lisis, para atender la demanda de pacientes con esta patolog\u00eda que hay en la provincia de El Oro.<\/p>\n<p>Mishell Zurita, directora asistencial, manifest\u00f3 que en el Hospital Te\u00f3filo D\u00e1vila se realiza la terapia de hemodiafiltraci\u00f3n \u2018on line\u2019 con tecnolog\u00eda de punta que no cuentan otros hospitales de la provincia. \u201cEs una t\u00e9cnica que suple la funci\u00f3n de filtrado de la sangre del ri\u00f1\u00f3n en pacientes con una enfermedad renal cr\u00f3nica\u201d.<\/p>\n<p>Charlas<br \/>\nAndhy Saraguro, nefr\u00f3logo, dio charla educativa: \u00bfQu\u00e9 son los ri\u00f1ones? Funciones e importancia. Signos de enfermedad renal. Ver\u00f3nica Gaona, nefr\u00f3loga, centr\u00f3 su charla en las generalidades de las terapias dial\u00edticas. Y Le\u00f3nidas Estrada, m\u00e9dico cl\u00ednico, educaci\u00f3n para la salud renal en adultos mayores.<\/p>\n<p>Durante el evento se entreg\u00f3 material informativo y se realizaron preguntas y respuestas de los efectos de la enfermedad. Tambi\u00e9n se exhibi\u00f3 una de las m\u00e1quinas de hemodi\u00e1lisis y se hizo una breve explicaci\u00f3n del proceso de di\u00e1lisis. Tambi\u00e9n, la nutricionista Daysi Rivas, dio a conocer los alimentos que pueden ingerir los pacientes con insuficiencia renal cr\u00f3nica y con problemas de diabetes e hipertensi\u00f3n.<\/p>\n<p>Entre las recomendaciones para prevenir la enfermedad est\u00e1n: beber entre dos y tres litros de agua por d\u00eda para prevenir la formaci\u00f3n de los c\u00e1lculos renales, reducir la sal y las prote\u00ednas animales: carne, huevo y pescado; as\u00ed como evitar los alimentos con alto contenido de oxalato (caf\u00e9, cerveza, chocolate, etc.).<\/p>\n<p>El evento concluy\u00f3 con toma de signos vitales, glicemia y actividad f\u00edsica en personas que se dializan.<\/p>\n","protected":false},"excerpt":{"rendered":"<p>Machala.- Con casa abierta, charlas educativas, ejercicios y toma de signos vitales se conmemor\u00f3 el D\u00eda Mundial del Ri\u00f1\u00f3n en el Hospital Te\u00f3filo D\u00e1vila, de Machala. El segundo jueves de marzo de cada a\u00f1o, se recuerda esta fecha con el objetivo de prevenir esta enfermedad. \u201c100 pacientes con insuficiencia renal cr\u00f3nica reciben atenci\u00f3n especializada en [&hellip;]<\/p>\n","protected":false},"author":2,"featured_media":25208,"comment_status":"open","ping_status":"closed","sticky":false,"template":"","format":"standard","meta":{"_jetpack_memberships_contains_paid_content":false,"footnotes":""},"categories":[13],"tags":[448],"class_list":["post-25207","post","type-post","status-publish","format-standard","has-post-thumbnail","hentry","category-noticias-nacionales","tag-hospital-teofilo-davila"],"jetpack_featured_media_url":"https:\/\/radiocresatelital.com\/wp-content\/uploads\/2025\/03\/WhatsApp-Image-2025-03-13-at-14.30.04.jpeg","jetpack_sharing_enabled":true,"_links":{"self":[{"href":"https:\/\/radiocresatelital.com\/index.php?rest_route=\/wp\/v2\/posts\/25207","targetHints":{"allow":["GET"]}}],"collection":[{"href":"https:\/\/radiocresatelital.com\/index.php?rest_route=\/wp\/v2\/posts"}],"about":[{"href":"https:\/\/radiocresatelital.com\/index.php?rest_route=\/wp\/v2\/types\/post"}],"author":[{"embeddable":true,"href":"https:\/\/radiocresatelital.com\/index.php?rest_route=\/wp\/v2\/users\/2"}],"replies":[{"embeddable":true,"href":"https:\/\/radiocresatelital.com\/index.php?rest_route=%2Fwp%2Fv2%2Fcomments&post=25207"}],"version-history":[{"count":1,"href":"https:\/\/radiocresatelital.com\/index.php?rest_route=\/wp\/v2\/posts\/25207\/revisions"}],"predecessor-version":[{"id":25209,"href":"https:\/\/radiocresatelital.com\/index.php?rest_route=\/wp\/v2\/posts\/25207\/revisions\/25209"}],"wp:featuredmedia":[{"embeddable":true,"href":"https:\/\/radiocresatelital.com\/index.php?rest_route=\/wp\/v2\/media\/25208"}],"wp:attachment":[{"href":"https:\/\/radiocresatelital.com\/index.php?rest_route=%2Fwp%2Fv2%2Fmedia&parent=25207"}],"wp:term":[{"taxonomy":"category","embeddable":true,"href":"https:\/\/radiocresatelital.com\/index.php?rest_route=%2Fwp%2Fv2%2Fcategories&post=25207"},{"taxonomy":"post_tag","embeddable":true,"href":"https:\/\/radiocresatelital.com\/index.php?rest_route=%2Fwp%2Fv2%2Ftags&post=25207"}],"curies":[{"name":"wp","href":"https:\/\/api.w.org\/{rel}","templated":true}]}}