{"id":25086,"date":"2025-03-10T22:30:20","date_gmt":"2025-03-10T22:30:20","guid":{"rendered":"https:\/\/radiocresatelital.com\/?p=25086"},"modified":"2025-03-10T22:30:20","modified_gmt":"2025-03-10T22:30:20","slug":"federacion-ecuatoriana-de-esgrima-realizo-ranking-nacional-en-quito","status":"publish","type":"post","link":"https:\/\/radiocresatelital.com\/?p=25086","title":{"rendered":"Federaci\u00f3n Ecuatoriana de Esgrima realiz\u00f3 ranking nacional en Quito"},"content":{"rendered":"<p>Quito.- Tom\u00e1s Aguinaga fue el deportista m\u00e1s ganador del I Ranking Nacional Juvenil y Cadetes de Esgrima que se disput\u00f3 el pasado fin de semana en Quito. El certamen cont\u00f3 con la participaci\u00f3n de los deportistas que recientemente vinieron del competir en el Panamericano Juvenil y Cadetes en Asunci\u00f3n, Paraguay.<\/p>\n<p>Aguinaga, quien en 2024 se coron\u00f3 campe\u00f3n en los Juegos Bolivarianos de la Juventud en Sucre, se qued\u00f3 con los primeros lugares de las pruebas juvenil y cadete de la modalidad florete en el Nacional. En el Panamericano logr\u00f3 dos medallas de plata nivel individual en cadetes y en equipos masculino. La participaci\u00f3n le vali\u00f3 para conquistar el cupo a los Juegos Panamericanos Junior.<\/p>\n<p>\u201cEstoy muy contento, siempre he estado buscando este resultado, cuando me enter\u00e9 de que en el panamericano iba a ser la clasificaci\u00f3n, se dio, a pesar de que tengo 15 a\u00f1os pude competir con los mejores del continente, ojal\u00e1 pueda ser un gran resultado como en los Bolivarianos\u201d, afirm\u00f3 Aguinaga.<\/p>\n<p>\u201cEs un orgullo siempre representar a Ecuador. En el pasado el pa\u00eds no hab\u00eda conseguido tantos resultados, es un avance muy bueno\u201d, a\u00f1adi\u00f3 el deportista que se alista para el Grand Prix en Lima, Per\u00fa, y el Mundial juvenil y cadetes en China.<\/p>\n<p><strong>OTROS RESULTADOS<\/strong><\/p>\n<p>En el Ranking Nacional Luciana Aroca logr\u00f3 el primer lugar en espada mujeres cadete y el tercer puesto en la categor\u00eda juvenil. En esta \u00faltima compiti\u00f3 ante las pentatletas Dara Salazar, que se qued\u00f3 con el primer lugar, y Mar\u00eda Sol Naranjo, ol\u00edmpica en Par\u00eds 2024.<\/p>\n<p>\u201cEstuvo dif\u00edcil ganar el \u00faltimo combate, las competidoras estaban buenas, la competencia bien organizada, pude dar todo y siempre estar concentrada para ganar esta medalla\u201d, dijo Aroca. \u201cQuiero salir a competencias internacionales, porque esgrima me parece un deporte muy bonito, de concentraci\u00f3n, de t\u00e1cticas y quisiera poder representar al pa\u00eds\u201d.<\/p>\n<p>En espada juvenil masculino el primer lugar fue para Bayardo Naranjo, quien tambi\u00e9n alcanz\u00f3 el boleto a los Juegos Panamericanos Junior. \u201cMe siento muy feliz creo que ha sido un objetivo cumplido, ahora espero que me vaya bien en Juegos Panamericanos y representar al pa\u00eds y dejar el nombre de Ecuador en lo alto\u201d, dijo Bayardo.<\/p>\n<p>El presidente de la Federaci\u00f3n Ecuatoriana de Esgrima (FEE) Carlos Echeverr\u00eda detall\u00f3 que tras la gran intervenci\u00f3n en el Panamericano, Ecuador obtuvo sus cupos a los Juegos Panamericanos Junior Asunci\u00f3n 2025.<\/p>\n<p>\u201cGracias a los chicos que obtuvieron la medalla de plata en el panamericano juvenil en Asunci\u00f3n tenemos cuatro deportistas clasificados a los Juegos Panamericanos Junior. Estamos haciendo todos los esfuerzos para que este nivel siga creciendo y podamos tener buenos resultados\u201d, coment\u00f3 Echeverr\u00eda.<\/p>\n<p>En el Ranking Nacional en Quito participaron deportistas de varias provincias del pa\u00eds en las modalidades sable, florete y espada de las categor\u00edas cadetes y juvenil. La FEE se alista para organizar el Campeonato Sudamericano que ser\u00e1 en Quito del 19 al 27 de julio.<\/p>\n<p><strong>RESULTADOS RANKING NACIONAL \u00a0<\/strong><\/p>\n<p><strong>Espada Mujeres M20<\/strong><\/p>\n<ol>\n<li>Dara Salazar<\/li>\n<li>Mar\u00eda Sol Naranjo<\/li>\n<li>Luciana Aroca<\/li>\n<\/ol>\n<p><strong>Florete hombres M20<\/strong><\/p>\n<ol>\n<li>Tom\u00e1s Aguinaga<\/li>\n<li>Jos\u00e9 Delgado<\/li>\n<li>Pedro Aguinaga<\/li>\n<\/ol>\n<p><strong>Espada Mujeres M17<\/strong><\/p>\n<ol>\n<li>Luciana Aroca<\/li>\n<li>Dara Salazar<\/li>\n<li>Maya Aguirre<\/li>\n<\/ol>\n<p><strong>Florete Hombres M17<\/strong><\/p>\n<ol>\n<li>Tom\u00e1s Aguinaga<\/li>\n<li>Jos\u00e9 Vergara<\/li>\n<li>Jos\u00e9 Tipantiza<\/li>\n<\/ol>\n<p><strong>Sable Mujeres M17<\/strong><\/p>\n<ol>\n<li>Maite Ruales<\/li>\n<li>Ruanni Rueda<\/li>\n<li>Mar\u00eda Rojas<\/li>\n<\/ol>\n<p><strong>Sable Hombres M17<\/strong><\/p>\n<ol>\n<li>Jos\u00e9 Bergara<\/li>\n<li>Carlos Flores<\/li>\n<li>Justin Su\u00e1rez<\/li>\n<\/ol>\n<p><strong>Florete Mujeres M17<\/strong><\/p>\n<ol>\n<li>Karla Verdezoto<\/li>\n<li>Ailyn Alquedan<\/li>\n<li>Sof\u00eda Ceron<\/li>\n<\/ol>\n<p><strong>Sable Hombres M20<\/strong><\/p>\n<ol>\n<li>Isalha Ontaneda<\/li>\n<li>Halverson Zambrano<\/li>\n<li>Diego Fern\u00e1ndez<\/li>\n<\/ol>\n<p><strong>Espada Hombres M20<\/strong><\/p>\n<ol>\n<li>Bayardo Naranjo<\/li>\n<li>Mart\u00edn Vergara<\/li>\n<li>Miguel Pazmi\u00f1o<\/li>\n<\/ol>\n","protected":false},"excerpt":{"rendered":"<p>Quito.- Tom\u00e1s Aguinaga fue el deportista m\u00e1s ganador del I Ranking Nacional Juvenil y Cadetes de Esgrima que se disput\u00f3 el pasado fin de semana en Quito. El certamen cont\u00f3 con la participaci\u00f3n de los deportistas que recientemente vinieron del competir en el Panamericano Juvenil y Cadetes en Asunci\u00f3n, Paraguay. Aguinaga, quien en 2024 se [&hellip;]<\/p>\n","protected":false},"author":2,"featured_media":25087,"comment_status":"open","ping_status":"closed","sticky":false,"template":"","format":"standard","meta":{"_jetpack_memberships_contains_paid_content":false,"footnotes":""},"categories":[9],"tags":[3940,3939],"class_list":["post-25086","post","type-post","status-publish","format-standard","has-post-thumbnail","hentry","category-deportes","tag-federacion-ecuatoriana-de-esgrima","tag-ranking-nacional-juvenil-y-cadetes-de-esgrima"],"jetpack_featured_media_url":"https:\/\/radiocresatelital.com\/wp-content\/uploads\/2025\/03\/54377992340_76cfb87f8d_k.jpg","jetpack_sharing_enabled":true,"_links":{"self":[{"href":"https:\/\/radiocresatelital.com\/index.php?rest_route=\/wp\/v2\/posts\/25086","targetHints":{"allow":["GET"]}}],"collection":[{"href":"https:\/\/radiocresatelital.com\/index.php?rest_route=\/wp\/v2\/posts"}],"about":[{"href":"https:\/\/radiocresatelital.com\/index.php?rest_route=\/wp\/v2\/types\/post"}],"author":[{"embeddable":true,"href":"https:\/\/radiocresatelital.com\/index.php?rest_route=\/wp\/v2\/users\/2"}],"replies":[{"embeddable":true,"href":"https:\/\/radiocresatelital.com\/index.php?rest_route=%2Fwp%2Fv2%2Fcomments&post=25086"}],"version-history":[{"count":1,"href":"https:\/\/radiocresatelital.com\/index.php?rest_route=\/wp\/v2\/posts\/25086\/revisions"}],"predecessor-version":[{"id":25088,"href":"https:\/\/radiocresatelital.com\/index.php?rest_route=\/wp\/v2\/posts\/25086\/revisions\/25088"}],"wp:featuredmedia":[{"embeddable":true,"href":"https:\/\/radiocresatelital.com\/index.php?rest_route=\/wp\/v2\/media\/25087"}],"wp:attachment":[{"href":"https:\/\/radiocresatelital.com\/index.php?rest_route=%2Fwp%2Fv2%2Fmedia&parent=25086"}],"wp:term":[{"taxonomy":"category","embeddable":true,"href":"https:\/\/radiocresatelital.com\/index.php?rest_route=%2Fwp%2Fv2%2Fcategories&post=25086"},{"taxonomy":"post_tag","embeddable":true,"href":"https:\/\/radiocresatelital.com\/index.php?rest_route=%2Fwp%2Fv2%2Ftags&post=25086"}],"curies":[{"name":"wp","href":"https:\/\/api.w.org\/{rel}","templated":true}]}}