{"id":25080,"date":"2025-03-10T22:10:40","date_gmt":"2025-03-10T22:10:40","guid":{"rendered":"https:\/\/radiocresatelital.com\/?p=25080"},"modified":"2025-03-10T22:10:40","modified_gmt":"2025-03-10T22:10:40","slug":"guayaquil-presenta-su-candidatura-para-ser-capital-americana-del-deporte-2026","status":"publish","type":"post","link":"https:\/\/radiocresatelital.com\/?p=25080","title":{"rendered":"Guayaquil presenta su candidatura para ser Capital Americana del Deporte 2026"},"content":{"rendered":"<p>Guayaquil.- La ma\u00f1ana de este lunes 10 de abril de 2025, en el Sal\u00f3n de la Ciudad Jos\u00e9 Joaqu\u00edn de Olmedo, se llev\u00f3 a cabo la rueda de prensa para la presentaci\u00f3n oficial de Guayaquil como candidata a \u2018Capital Americana del Deporte 2026\u2019.<\/p>\n<p>En el evento, el Alcalde Aquiles Alvarez, junto a la comitiva internacional de la Association of Capitals of Europe and Sports (ACES) conformada por Yolanda Sosa, Adriana S\u00e1nchez, Vincenzo Lupattelli, Gonzalo Cuesta, Federico Tong y el director de Deportes del Municipio, Carlos Mor\u00e1n, oficializaron la candidatura ante los medios de comunicaci\u00f3n y autoridades presentes.<\/p>\n<p>\u201cEn este Municipio trabajamos en equipo y humildemente Guayaquil est\u00e1 compitiendo para ser Capital Americana del Deporte, nos hemos mostrado tal como somos, con las puertas abiertas, ense\u00f1ando las fortalezas y tambi\u00e9n las debilidades, el arma m\u00e1s grande que tiene esta Alcald\u00eda para luchar contra la<br \/>\ncriminalidad es el deporte\u201d, mencion\u00f3 Alvarez.<\/p>\n<p>ACES es una organizaci\u00f3n internacional sin fines de lucro respaldada por diversas entidades y que tiene como objetivo promover el deporte e impulsar pol\u00edticas y acciones que beneficien a la sociedad. Ciudades como Cali (Colombia), Le\u00f3n (M\u00e9xico) y San Juan (Argentina) han sido Capital Latinoamericana del Deporte. Este nombramiento permite a las urbes generar inversiones en deporte y promover la realizaci\u00f3n de competencias internacionales.<\/p>\n<p>Adriana S\u00e1nchez, delegada de ACES Am\u00e9rica, mencion\u00f3 que \u201cdurante estos d\u00edas nosotros hemos tenido la oportunidad de ver una candidatura s\u00f3lida, que no busca m\u00e1s que visibilizar el esfuerzo que se hace dentro de los gobiernos locales en beneficio de la ciudadan\u00eda\u201d.<\/p>\n<p>Esta comitiva ha estado presente en la ciudad durante los \u00faltimos cinco d\u00edas, en los que observ\u00f3 la infraestructura y vida deportiva de Guayaquil. Tambi\u00e9n apreci\u00f3 lugares ic\u00f3nicos como Malec\u00f3n 2000, Barrio Las Pe\u00f1as y Calle Panam\u00e1.<\/p>\n<p>\u201cAl final de la gesti\u00f3n vamos a ver qu\u00e9 impacto hemos tenido invirtiendo en arte, cultura y deporte. Estoy seguro que estamos cambiando vidas, tratando de cambiar algunas y salvando otras\u201d, afirm\u00f3 Alvarez.<\/p>\n<p>El deporte, el arte y la cultura son parte fundamental de la Alcald\u00eda de Guayaquil para reconstruir el tejido social de la Ciudad de Todos. Los diferentes programas deportivos del Municipio han beneficiado a m\u00e1s de 64.000 personas.<\/p>\n","protected":false},"excerpt":{"rendered":"<p>Guayaquil.- La ma\u00f1ana de este lunes 10 de abril de 2025, en el Sal\u00f3n de la Ciudad Jos\u00e9 Joaqu\u00edn de Olmedo, se llev\u00f3 a cabo la rueda de prensa para la presentaci\u00f3n oficial de Guayaquil como candidata a \u2018Capital Americana del Deporte 2026\u2019. En el evento, el Alcalde Aquiles Alvarez, junto a la comitiva internacional [&hellip;]<\/p>\n","protected":false},"author":2,"featured_media":25081,"comment_status":"open","ping_status":"closed","sticky":false,"template":"","format":"standard","meta":{"_jetpack_memberships_contains_paid_content":false,"footnotes":""},"categories":[9],"tags":[3938,26],"class_list":["post-25080","post","type-post","status-publish","format-standard","has-post-thumbnail","hentry","category-deportes","tag-capital-americana-del-deporte-2026","tag-guayaquil"],"jetpack_featured_media_url":"https:\/\/radiocresatelital.com\/wp-content\/uploads\/2025\/03\/WhatsApp-Image-2025-03-10-at-12.01.41.jpeg","jetpack_sharing_enabled":true,"_links":{"self":[{"href":"https:\/\/radiocresatelital.com\/index.php?rest_route=\/wp\/v2\/posts\/25080","targetHints":{"allow":["GET"]}}],"collection":[{"href":"https:\/\/radiocresatelital.com\/index.php?rest_route=\/wp\/v2\/posts"}],"about":[{"href":"https:\/\/radiocresatelital.com\/index.php?rest_route=\/wp\/v2\/types\/post"}],"author":[{"embeddable":true,"href":"https:\/\/radiocresatelital.com\/index.php?rest_route=\/wp\/v2\/users\/2"}],"replies":[{"embeddable":true,"href":"https:\/\/radiocresatelital.com\/index.php?rest_route=%2Fwp%2Fv2%2Fcomments&post=25080"}],"version-history":[{"count":1,"href":"https:\/\/radiocresatelital.com\/index.php?rest_route=\/wp\/v2\/posts\/25080\/revisions"}],"predecessor-version":[{"id":25082,"href":"https:\/\/radiocresatelital.com\/index.php?rest_route=\/wp\/v2\/posts\/25080\/revisions\/25082"}],"wp:featuredmedia":[{"embeddable":true,"href":"https:\/\/radiocresatelital.com\/index.php?rest_route=\/wp\/v2\/media\/25081"}],"wp:attachment":[{"href":"https:\/\/radiocresatelital.com\/index.php?rest_route=%2Fwp%2Fv2%2Fmedia&parent=25080"}],"wp:term":[{"taxonomy":"category","embeddable":true,"href":"https:\/\/radiocresatelital.com\/index.php?rest_route=%2Fwp%2Fv2%2Fcategories&post=25080"},{"taxonomy":"post_tag","embeddable":true,"href":"https:\/\/radiocresatelital.com\/index.php?rest_route=%2Fwp%2Fv2%2Ftags&post=25080"}],"curies":[{"name":"wp","href":"https:\/\/api.w.org\/{rel}","templated":true}]}}