{"id":24982,"date":"2025-03-07T21:44:40","date_gmt":"2025-03-07T21:44:40","guid":{"rendered":"https:\/\/radiocresatelital.com\/?p=24982"},"modified":"2025-03-07T21:44:40","modified_gmt":"2025-03-07T21:44:40","slug":"en-brasil-emilio-camacho-y-angel-veliz-buscaran-cupo-al-roland-garros-jr-2025","status":"publish","type":"post","link":"https:\/\/radiocresatelital.com\/?p=24982","title":{"rendered":"En Brasil, Emilio Camacho y \u00c1ngel V\u00e9liz buscar\u00e1n cupo al Roland Garros Jr 2025"},"content":{"rendered":"<p>Guayaquil.- Los tenistas juveniles ecuatorianos Emilio Camacho (15 a\u00f1os de edad) y \u00c1ngel Veliz (16 a\u00f1os) clasificaron al Roland Garros Junior Series (17 a\u00f1os de edad), damas y varones, a jugarse del 2 al 6 de abril en el Sociedade Harmonia de T\u00eanis, de S\u00e3o Paulo, Brasil.<\/p>\n<p>La Confederaci\u00f3n Sudamericana de Tenis (COSAT) confirm\u00f3 la noticia y ratific\u00f3 que los ecuatorianos clasificaron a este torneo por sus ubicaciones en el ranking ITF Junior, Camacho que ocupa el puesto 115, mientras que V\u00e9liz, 199.<\/p>\n<p>La competencia se realizar\u00e1 bajo el sistema de round robin de cuatro grupos de cuatro jugadores. El ganador de cada grupo avanza a semifinales. Los campeones recibir\u00e1n un wild card en el cuadro principal del torneo Roland Garros Junior 2025, a jugarse del 1 al 7 de junio.<\/p>\n<p>La edici\u00f3n de 2025 reunir\u00e1 a 32 de los mejores jugadores menores de 17 a\u00f1os de toda Latinoam\u00e9rica (16 chicas y 16 chicos), quienes competir\u00e1n por una oportunidad de ensue\u00f1o: una invitaci\u00f3n al torneo Roland Garros Junior de Par\u00eds.<\/p>\n<p>Con transmisiones en vivo por ESPN Brasil y Disney+ en 18 pa\u00edses, el torneo anuncia con orgullo su cuarta edici\u00f3n en Brasil &#8211; y la tercera consecutiva en S\u00e3o Paulo.<\/p>\n<p>Campeones de Roland-Garros Junior Series:<br \/>\nJo\u00e3o Fonseca (Brasil): Ganador de 2022<br \/>\nAlejandro Arcila (Colombia): Ganador de 2023<br \/>\nSol Larraya Guidi (Argentina): Ganadora de 2023<br \/>\nLuis Guto Miguel (Brasil): Ganador de 2024<br \/>\nNauhany Leme da Silva (Brasil): Ganador de 2024<\/p>\n","protected":false},"excerpt":{"rendered":"<p>Guayaquil.- Los tenistas juveniles ecuatorianos Emilio Camacho (15 a\u00f1os de edad) y \u00c1ngel Veliz (16 a\u00f1os) clasificaron al Roland Garros Junior Series (17 a\u00f1os de edad), damas y varones, a jugarse del 2 al 6 de abril en el Sociedade Harmonia de T\u00eanis, de S\u00e3o Paulo, Brasil. La Confederaci\u00f3n Sudamericana de Tenis (COSAT) confirm\u00f3 la [&hellip;]<\/p>\n","protected":false},"author":2,"featured_media":24983,"comment_status":"open","ping_status":"closed","sticky":false,"template":"","format":"standard","meta":{"_jetpack_memberships_contains_paid_content":false,"footnotes":""},"categories":[9,64],"tags":[3928],"class_list":["post-24982","post","type-post","status-publish","format-standard","has-post-thumbnail","hentry","category-deportes","category-tenis","tag-roland-garros-junior-series"],"jetpack_featured_media_url":"https:\/\/radiocresatelital.com\/wp-content\/uploads\/2025\/03\/WhatsApp-Image-2025-03-07-at-11.54.01.jpeg","jetpack_sharing_enabled":true,"_links":{"self":[{"href":"https:\/\/radiocresatelital.com\/index.php?rest_route=\/wp\/v2\/posts\/24982","targetHints":{"allow":["GET"]}}],"collection":[{"href":"https:\/\/radiocresatelital.com\/index.php?rest_route=\/wp\/v2\/posts"}],"about":[{"href":"https:\/\/radiocresatelital.com\/index.php?rest_route=\/wp\/v2\/types\/post"}],"author":[{"embeddable":true,"href":"https:\/\/radiocresatelital.com\/index.php?rest_route=\/wp\/v2\/users\/2"}],"replies":[{"embeddable":true,"href":"https:\/\/radiocresatelital.com\/index.php?rest_route=%2Fwp%2Fv2%2Fcomments&post=24982"}],"version-history":[{"count":1,"href":"https:\/\/radiocresatelital.com\/index.php?rest_route=\/wp\/v2\/posts\/24982\/revisions"}],"predecessor-version":[{"id":24984,"href":"https:\/\/radiocresatelital.com\/index.php?rest_route=\/wp\/v2\/posts\/24982\/revisions\/24984"}],"wp:featuredmedia":[{"embeddable":true,"href":"https:\/\/radiocresatelital.com\/index.php?rest_route=\/wp\/v2\/media\/24983"}],"wp:attachment":[{"href":"https:\/\/radiocresatelital.com\/index.php?rest_route=%2Fwp%2Fv2%2Fmedia&parent=24982"}],"wp:term":[{"taxonomy":"category","embeddable":true,"href":"https:\/\/radiocresatelital.com\/index.php?rest_route=%2Fwp%2Fv2%2Fcategories&post=24982"},{"taxonomy":"post_tag","embeddable":true,"href":"https:\/\/radiocresatelital.com\/index.php?rest_route=%2Fwp%2Fv2%2Ftags&post=24982"}],"curies":[{"name":"wp","href":"https:\/\/api.w.org\/{rel}","templated":true}]}}