{"id":24941,"date":"2025-03-06T23:17:07","date_gmt":"2025-03-06T23:17:07","guid":{"rendered":"https:\/\/radiocresatelital.com\/?p=24941"},"modified":"2025-03-07T00:16:11","modified_gmt":"2025-03-07T00:16:11","slug":"miles-de-mujeres-ecuatorianas-fortalecieron-sus-economias-con-los-diversos-creditos-del-biess-a-nivel-nacional","status":"publish","type":"post","link":"https:\/\/radiocresatelital.com\/?p=24941","title":{"rendered":"Miles de mujeres ecuatorianas fortalecieron sus econom\u00edas con los diversos cr\u00e9ditos del Biess a nivel nacional"},"content":{"rendered":"<p>Guayaquil.- El Banco del Instituto Ecuatoriano de Seguridad Social (Biess) sigue siendo la instituci\u00f3n financiera dinamizadora de los proyectos, anhelos y sue\u00f1os de sus clientes. Es as\u00ed que, en el \u00faltimo a\u00f1o coloc\u00f3 2.414 millones de d\u00f3lares en 1.259.737 de Pr\u00e9stamos Hipotecarios, Quirografarios y Prendarios destinados a mujeres afiliadas, jubiladas y pensionistas.<\/p>\n<p>Esta importante cifra se dio a conocer en el marco del foro: \u201cMujeres Biess, Una Mirada a la Superaci\u00f3n Personal\u201d, en conmemoraci\u00f3n del D\u00eda Internacional de la Mujer. En el acto participaron destacadas panelistas que se han destacado en el \u00e1mbito p\u00fablico, privado y acad\u00e9mico.<\/p>\n<p>Janneth Paredes, actual Jefa Nacional de Pr\u00e9stamos Prendarios del Biess, siente orgullo de que en Ecuador exista actualmente una mayor participaci\u00f3n de las mujeres en actividades financieras y empresariales. \u201cA lo largo de estos quince a\u00f1os como colaboradora del Biess se me he brindado la oportunidad de aprender y superarme. De eso se trata la vida, de seguir escalando pelda\u00f1os y ser ejemplo para nuestros hijos y para la sociedad\u201d.<\/p>\n<p>A nivel nacional el Banco del Instituto Ecuatoriano de Seguridad Social (Biess) cuenta con 747 colaboradores, de los cuales el 58% (434) son mujeres. 28 de ellas ocupan altos cargos directivos.<\/p>\n<p>Juan Carlos Soria, gerente general del Biess, expres\u00f3 el compromiso institucional del banco con la equidad de g\u00e9nero, \u201cNo solo recordando los avances logrados, sino tambi\u00e9n renovando nuestra responsabilidad para crear un ambiente inclusivo, donde cada persona, independientemente de su g\u00e9nero tenga las mismas oportunidades para crecer y desarrollarse.\u201d<\/p>\n<p>El presidente del Directorio del IESS, Eduardo Pe\u00f1a Hurtado, resalt\u00f3 que a lo largo de su gesti\u00f3n se han ejecutado m\u00faltiples acciones en materia de pol\u00edtica p\u00fablica contra la violencia de g\u00e9nero, con el fin de promover la igualdad y la equidad de derechos. \u201cHoy reafirmamos nuestro compromiso de conseguir un futuro m\u00e1s justo, un futuro donde todas las mujeres y ni\u00f1as puedan alcanzar su m\u00e1ximo potencial, sin importar su origen, su condici\u00f3n o su creencia\u201d<\/p>\n","protected":false},"excerpt":{"rendered":"<p>Guayaquil.- El Banco del Instituto Ecuatoriano de Seguridad Social (Biess) sigue siendo la instituci\u00f3n financiera dinamizadora de los proyectos, anhelos y sue\u00f1os de sus clientes. Es as\u00ed que, en el \u00faltimo a\u00f1o coloc\u00f3 2.414 millones de d\u00f3lares en 1.259.737 de Pr\u00e9stamos Hipotecarios, Quirografarios y Prendarios destinados a mujeres afiliadas, jubiladas y pensionistas. Esta importante cifra [&hellip;]<\/p>\n","protected":false},"author":2,"featured_media":24942,"comment_status":"open","ping_status":"closed","sticky":false,"template":"","format":"standard","meta":{"_jetpack_memberships_contains_paid_content":false,"footnotes":""},"categories":[13],"tags":[3919],"class_list":["post-24941","post","type-post","status-publish","format-standard","has-post-thumbnail","hentry","category-noticias-nacionales","tag-banco-del-instituto-ecuatoriano-de-seguridad-social"],"jetpack_featured_media_url":"https:\/\/radiocresatelital.com\/wp-content\/uploads\/2025\/03\/WhatsApp-Image-2025-03-06-at-18.02.37-scaled.jpeg","jetpack_sharing_enabled":true,"_links":{"self":[{"href":"https:\/\/radiocresatelital.com\/index.php?rest_route=\/wp\/v2\/posts\/24941","targetHints":{"allow":["GET"]}}],"collection":[{"href":"https:\/\/radiocresatelital.com\/index.php?rest_route=\/wp\/v2\/posts"}],"about":[{"href":"https:\/\/radiocresatelital.com\/index.php?rest_route=\/wp\/v2\/types\/post"}],"author":[{"embeddable":true,"href":"https:\/\/radiocresatelital.com\/index.php?rest_route=\/wp\/v2\/users\/2"}],"replies":[{"embeddable":true,"href":"https:\/\/radiocresatelital.com\/index.php?rest_route=%2Fwp%2Fv2%2Fcomments&post=24941"}],"version-history":[{"count":2,"href":"https:\/\/radiocresatelital.com\/index.php?rest_route=\/wp\/v2\/posts\/24941\/revisions"}],"predecessor-version":[{"id":24944,"href":"https:\/\/radiocresatelital.com\/index.php?rest_route=\/wp\/v2\/posts\/24941\/revisions\/24944"}],"wp:featuredmedia":[{"embeddable":true,"href":"https:\/\/radiocresatelital.com\/index.php?rest_route=\/wp\/v2\/media\/24942"}],"wp:attachment":[{"href":"https:\/\/radiocresatelital.com\/index.php?rest_route=%2Fwp%2Fv2%2Fmedia&parent=24941"}],"wp:term":[{"taxonomy":"category","embeddable":true,"href":"https:\/\/radiocresatelital.com\/index.php?rest_route=%2Fwp%2Fv2%2Fcategories&post=24941"},{"taxonomy":"post_tag","embeddable":true,"href":"https:\/\/radiocresatelital.com\/index.php?rest_route=%2Fwp%2Fv2%2Ftags&post=24941"}],"curies":[{"name":"wp","href":"https:\/\/api.w.org\/{rel}","templated":true}]}}