{"id":24938,"date":"2025-03-06T23:12:09","date_gmt":"2025-03-06T23:12:09","guid":{"rendered":"https:\/\/radiocresatelital.com\/?p=24938"},"modified":"2025-03-06T23:12:09","modified_gmt":"2025-03-06T23:12:09","slug":"alcalde-aquiles-alvarez-lidero-la-premiacion-a-los-14-campeones-del-interbarrial-diario-el-universo","status":"publish","type":"post","link":"https:\/\/radiocresatelital.com\/?p=24938","title":{"rendered":"Alcalde Aquiles Alvarez lider\u00f3 la premiaci\u00f3n a los 14 campeones del Interbarrial Diario El Universo"},"content":{"rendered":"<p>Guayaquil.- Con la presencia del Alcalde de Guayaquil, Aquiles \u00c1lvarez, este jueves 6 de marzo de 2025 se realiz\u00f3 la ceremonia de premiaci\u00f3n de los equipos ganadores de la edici\u00f3n 36 del Interbarrial de F\u00fatbol Diario El Universo.<\/p>\n<p>El acto se efectu\u00f3 en el auditorio de El Universo. Tambi\u00e9n participaron la comitiva de ACES (Association of Capitals of Europe and Sports), directivos de diario El Universo; el director de Deportes, Carlos Mor\u00e1n; as\u00ed como jugadores, padres de familia y directores t\u00e9cnicos.<\/p>\n<p>\u201cPara nosotros invertir en arte, cultura y deporte es maravilloso, nuestro plan de seguridad y convivencia ciudadana nos manda a luchar contra la criminalidad y estas alianzas con Diario El Universo, Junta de Beneficencia, Ligapro Kids, nos fortalecen\u201d, dijo.<\/p>\n<p>Record\u00f3 que en esta edici\u00f3n benefici\u00f3 a m\u00e1s de 10.000 ni\u00f1os, \u201cque son al final familias enteras que impactamos en inversi\u00f3n directa en formaci\u00f3n no solo en deporte, sino tambi\u00e9n porque terminan siendo grandes personas\u201d.<\/p>\n<p>Este viernes se realizar\u00e1, en cambio, la premiaci\u00f3n del Interbarrial Multidisciplinario, en el coliseo Abel Jim\u00e9nez, en Parque Samanes. Estas iniciativas forman parte de la pol\u00edtica de la Alcald\u00eda de Aquiles Alvarez a favor del deporte en la Ciudad de Todos<\/p>\n","protected":false},"excerpt":{"rendered":"<p>Guayaquil.- Con la presencia del Alcalde de Guayaquil, Aquiles \u00c1lvarez, este jueves 6 de marzo de 2025 se realiz\u00f3 la ceremonia de premiaci\u00f3n de los equipos ganadores de la edici\u00f3n 36 del Interbarrial de F\u00fatbol Diario El Universo. El acto se efectu\u00f3 en el auditorio de El Universo. Tambi\u00e9n participaron la comitiva de ACES (Association [&hellip;]<\/p>\n","protected":false},"author":2,"featured_media":24939,"comment_status":"open","ping_status":"closed","sticky":false,"template":"","format":"standard","meta":{"_jetpack_memberships_contains_paid_content":false,"footnotes":""},"categories":[9],"tags":[1519,3918],"class_list":["post-24938","post","type-post","status-publish","format-standard","has-post-thumbnail","hentry","category-deportes","tag-alcalde-aquiles-alvarez","tag-interbarrial-de-futbol-diario-el-universo"],"jetpack_featured_media_url":"https:\/\/radiocresatelital.com\/wp-content\/uploads\/2025\/03\/WhatsApp-Image-2025-03-06-at-17.55.18.jpeg","jetpack_sharing_enabled":true,"_links":{"self":[{"href":"https:\/\/radiocresatelital.com\/index.php?rest_route=\/wp\/v2\/posts\/24938","targetHints":{"allow":["GET"]}}],"collection":[{"href":"https:\/\/radiocresatelital.com\/index.php?rest_route=\/wp\/v2\/posts"}],"about":[{"href":"https:\/\/radiocresatelital.com\/index.php?rest_route=\/wp\/v2\/types\/post"}],"author":[{"embeddable":true,"href":"https:\/\/radiocresatelital.com\/index.php?rest_route=\/wp\/v2\/users\/2"}],"replies":[{"embeddable":true,"href":"https:\/\/radiocresatelital.com\/index.php?rest_route=%2Fwp%2Fv2%2Fcomments&post=24938"}],"version-history":[{"count":1,"href":"https:\/\/radiocresatelital.com\/index.php?rest_route=\/wp\/v2\/posts\/24938\/revisions"}],"predecessor-version":[{"id":24940,"href":"https:\/\/radiocresatelital.com\/index.php?rest_route=\/wp\/v2\/posts\/24938\/revisions\/24940"}],"wp:featuredmedia":[{"embeddable":true,"href":"https:\/\/radiocresatelital.com\/index.php?rest_route=\/wp\/v2\/media\/24939"}],"wp:attachment":[{"href":"https:\/\/radiocresatelital.com\/index.php?rest_route=%2Fwp%2Fv2%2Fmedia&parent=24938"}],"wp:term":[{"taxonomy":"category","embeddable":true,"href":"https:\/\/radiocresatelital.com\/index.php?rest_route=%2Fwp%2Fv2%2Fcategories&post=24938"},{"taxonomy":"post_tag","embeddable":true,"href":"https:\/\/radiocresatelital.com\/index.php?rest_route=%2Fwp%2Fv2%2Ftags&post=24938"}],"curies":[{"name":"wp","href":"https:\/\/api.w.org\/{rel}","templated":true}]}}