{"id":24935,"date":"2025-03-06T22:56:55","date_gmt":"2025-03-06T22:56:55","guid":{"rendered":"https:\/\/radiocresatelital.com\/?p=24935"},"modified":"2025-03-06T22:56:55","modified_gmt":"2025-03-06T22:56:55","slug":"neymar-jr-regresa-a-las-convocatorias-de-la-seleccion-brasilena-para-la-doble-jornada-de-eliminatorias","status":"publish","type":"post","link":"https:\/\/radiocresatelital.com\/?p=24935","title":{"rendered":"Neymar Jr regresa a las convocatorias de la Selecci\u00f3n Brasile\u00f1a para la doble jornada de Eliminatorias"},"content":{"rendered":"<p>R\u00edo de Janeiro.- El delantero brasile\u00f1o que pertenece al Santos FC, Neymar, que es convocado a la selecci\u00f3n de su Pa\u00edsdesde octbre del 2023, se encuentra muy fel\u00edz por su regreso al combinado brasile\u00f1o en la lista de convocados divulgada este jueves por el seleccionador, Dorival J\u00fanior, para los partidos con Argentina y Colombia por las eliminatorias mundialistas.<\/p>\n<p>La lista de 23 convocados tambi\u00e9n incluye a los atacantes Vin\u00edcius J\u00fanior y Rodrygo, del Real Madrid, as\u00ed como a Raphinha, del Barcelona.<\/p>\n<p>El seleccionador brasile\u00f1o destac\u00f3 en la rueda de prensa que nadie puede prescindir de un jugador como Neymar, incluso en un momento de recuperaci\u00f3n.<\/p>\n<p>\u00abSus propios compa\u00f1eros han destacado lo que \u00e9l representa para el grupo y todos lo conocen muy bien\u00bb, agreg\u00f3 el t\u00e9cnico.<\/p>\n<p>Dorival J\u00fanior dijo que, pese a no tener una expectativa alt\u00edsima sobre su regreso, espera que Neymar muestre \u00abequilibrio y regularidad\u00bb en dos partidos fundamentales para la recuperaci\u00f3n de Brasil.<\/p>\n<p>Neymar, de 33 a\u00f1os, fue convocado para reforzar la Canarinha tan solo 35 d\u00edas despu\u00e9s de su regreso al Santos, club con el que acumula tres goles (incluyendo uno ol\u00edmpico) y dos asistencias en siete partidos, tras su decepcionante etapa en el Al Hilal saud\u00ed, con el que \u00fanicamente jug\u00f3 siete compromisos en a\u00f1o y medio de contrato debido a sus lesiones.<\/p>\n<p>Tras conocer su convocatoria, Neymar celebr\u00f3 su vuelta a la selecci\u00f3n de Brasil y mostr\u00f3 que estuvo siguiendo el anuncio del t\u00e9cnico de la selecci\u00f3n.<\/p>\n<p>\u00abFeliz de estar de vuelta\u00bb, public\u00f3 en sus redes sociales el exdelantero del Barcelona, acompa\u00f1ado de una foto en la que se lo ve de espaldas mirando por televisi\u00f3n la conferencia de prensa del entrenador brasile\u00f1o.<\/p>\n<p>El exfutbolista del PSG disput\u00f3 su \u00faltimo partido con la selecci\u00f3n brasile\u00f1a en octubre de 2023, cuando sufri\u00f3 la rotura del ligamento cruzado anterior y del menisco de la rodilla izquierda en un partido de clasificaci\u00f3n para el Mundial de 2026 contra Uruguay, en Montevideo.<\/p>\n<p>Desde su regreso a Brasil, sin embargo, ha jugado todos los partidos disputados por el Santos, incluso uno en el que jug\u00f3 los 90 minutos, y asegura que cada vez se siente mejor f\u00edsicamente y listo para volver a la Canarinha.<\/p>\n<p>En sus dos pr\u00f3ximos partidos por las eliminatorias, Brasil recibir\u00e1 el 20 de marzo a Colombia en Brasilia y, cinco d\u00edas despu\u00e9s, visitar\u00e1 en Buenos Aires a Argentina, actual campeona mundial y l\u00edder en la clasificaci\u00f3n de las eliminatorias suramericanas.<\/p>\n<p>Los dos partidos de este mes son decisivos para Brasil debido a que la cinco veces campeona mundial est\u00e1 en el quinto lugar de la clasificaci\u00f3n de las eliminatorias, con 18 puntos, a siete unidades de Argentina (25) y a una de Colombia (19), que ocupa el cuarto puesto.<\/p>\n<h2 id=\"h-la-lista-de-convocados-de-brasil-para-las-eliminatorias\" class=\"wp-block-heading\">La lista de convocados de Brasil para las eliminatorias<\/h2>\n<p><strong>Porteros:<\/strong>\u00a0Alisson (Liverpool\/ING), Bento (Al-Nassr\/SAU), Ederson (Manchester City\/ING).<\/p>\n<p><strong>Defensas:<\/strong>\u00a0Danilo (Flamengo), Gabriel Magalh\u00e3es (Arsenal\/ING), L\u00e9o Ortiz (Flamengo), Marquinhos (Par\u00eds Saint-Germain\/FRA), Murillo (Nottingham Forest\/ING), Guilherme Arana (Atl\u00e9tico Mineiro), Vanderson (M\u00f3naco\/FRA), Wesley (Flamengo).<\/p>\n<p><strong>Centrocampistas:<\/strong>\u00a0Andr\u00e9 (Wolverhampton\/ING), Bruno Guimar\u00e3es (Newcastle\/ING), Gerson (Flamengo), Joelinton (Newcastle\/ING), Matheus Cunha (Wolverhampton\/ING), Neymar Jr. (Santos).<\/p>\n<p><strong>Delanteros:<\/strong>\u00a0Est\u00eav\u00e3o (Palmeiras), Jo\u00e3o Pedro (Brighton\/ING), Raphinha (Barcelona\/ESP), Rodrygo (Real Madrid\/ESP), Savinho (Manchester City\/ING), Vin\u00edcius Jr. (Real Madrid\/ESP).<\/p>\n","protected":false},"excerpt":{"rendered":"<p>R\u00edo de Janeiro.- El delantero brasile\u00f1o que pertenece al Santos FC, Neymar, que es convocado a la selecci\u00f3n de su Pa\u00edsdesde octbre del 2023, se encuentra muy fel\u00edz por su regreso al combinado brasile\u00f1o en la lista de convocados divulgada este jueves por el seleccionador, Dorival J\u00fanior, para los partidos con Argentina y Colombia por [&hellip;]<\/p>\n","protected":false},"author":2,"featured_media":24936,"comment_status":"open","ping_status":"closed","sticky":false,"template":"","format":"standard","meta":{"_jetpack_memberships_contains_paid_content":false,"footnotes":""},"categories":[9,46],"tags":[422,760],"class_list":["post-24935","post","type-post","status-publish","format-standard","has-post-thumbnail","hentry","category-deportes","category-eliminatorias-sudamericanas","tag-eliminatorias-sudamericanas","tag-seleccion-brasil"],"jetpack_featured_media_url":"https:\/\/radiocresatelital.com\/wp-content\/uploads\/2025\/03\/i.jpg","jetpack_sharing_enabled":true,"_links":{"self":[{"href":"https:\/\/radiocresatelital.com\/index.php?rest_route=\/wp\/v2\/posts\/24935","targetHints":{"allow":["GET"]}}],"collection":[{"href":"https:\/\/radiocresatelital.com\/index.php?rest_route=\/wp\/v2\/posts"}],"about":[{"href":"https:\/\/radiocresatelital.com\/index.php?rest_route=\/wp\/v2\/types\/post"}],"author":[{"embeddable":true,"href":"https:\/\/radiocresatelital.com\/index.php?rest_route=\/wp\/v2\/users\/2"}],"replies":[{"embeddable":true,"href":"https:\/\/radiocresatelital.com\/index.php?rest_route=%2Fwp%2Fv2%2Fcomments&post=24935"}],"version-history":[{"count":1,"href":"https:\/\/radiocresatelital.com\/index.php?rest_route=\/wp\/v2\/posts\/24935\/revisions"}],"predecessor-version":[{"id":24937,"href":"https:\/\/radiocresatelital.com\/index.php?rest_route=\/wp\/v2\/posts\/24935\/revisions\/24937"}],"wp:featuredmedia":[{"embeddable":true,"href":"https:\/\/radiocresatelital.com\/index.php?rest_route=\/wp\/v2\/media\/24936"}],"wp:attachment":[{"href":"https:\/\/radiocresatelital.com\/index.php?rest_route=%2Fwp%2Fv2%2Fmedia&parent=24935"}],"wp:term":[{"taxonomy":"category","embeddable":true,"href":"https:\/\/radiocresatelital.com\/index.php?rest_route=%2Fwp%2Fv2%2Fcategories&post=24935"},{"taxonomy":"post_tag","embeddable":true,"href":"https:\/\/radiocresatelital.com\/index.php?rest_route=%2Fwp%2Fv2%2Ftags&post=24935"}],"curies":[{"name":"wp","href":"https:\/\/api.w.org\/{rel}","templated":true}]}}