{"id":24917,"date":"2025-03-06T21:26:56","date_gmt":"2025-03-06T21:26:56","guid":{"rendered":"https:\/\/radiocresatelital.com\/?p=24917"},"modified":"2025-03-06T21:26:56","modified_gmt":"2025-03-06T21:26:56","slug":"presidente-daniel-noboa-y-sus-ministros-atienden-a-personas-afectadas-por-la-temporada-invernal-en-daule","status":"publish","type":"post","link":"https:\/\/radiocresatelital.com\/?p=24917","title":{"rendered":"Presidente Daniel Noboa y sus ministros atienden a personas afectadas por la temporada invernal en Daule"},"content":{"rendered":"<p>Daule. \u2013 Frente a los eventos adversos registrados debido a la \u00e9poca invernal como: deslizamientos, inundaciones, socavamientos, colapsos estructurales, entre otros, el Gobierno Nacional despliega un intenso operativo de atenci\u00f3n y asistencia en las zonas afectadas. Precisamente, este jueves 6 de marzo, el presidente de la Rep\u00fablica, Daniel Noboa Azin, acudi\u00f3 al cant\u00f3n Daule para, junto al equipo ministerial, atender de manera oportuna a los requerimientos y necesidades de la poblaci\u00f3n.<\/p>\n<p>\u201cEstamos llevando los servicios del Estado a cada rinc\u00f3n, a los lugares en donde ha habido abandono, falta de atenci\u00f3n en los \u00faltimos a\u00f1os. Es importante llegar a la gente y decirles que s\u00ed hay esperanza\u201d, sostuvo el Mandatario durante su recorrido en el recinto La Vuelta. En este sector visit\u00f3 los hogares de varias familias a fin de constatar la entrega de ayuda humanitaria y supervisar el trabajo que realiza su administraci\u00f3n por el bienestar de cada una ellas.<\/p>\n<p>Estefan\u00eda Sesme, moradora del sector y quien vive con su hijo, agradeci\u00f3 la presencia del Primer Mandatario y la gesti\u00f3n para reparar los da\u00f1os provocados por el invierno, especialmente en las viviendas. \u201cGracias por lo que est\u00e1n haciendo por nuestra comunidad\u201d, expres\u00f3.<\/p>\n<p>El Mandatario tambi\u00e9n detall\u00f3 que se est\u00e1n entregando bonos de vivienda \u201cpara las personas que han sido v\u00edctimas de estas inundaciones\u201d. Adicionalmente, a fin de brindar alivio a los trabajadores del campo, condonar\u00e1 deudas de hasta USD 10.000 en BanEcuador.<\/p>\n<p>Tras el monitoreo y evaluaci\u00f3n de da\u00f1os por parte de la Secretar\u00eda Nacional de Gesti\u00f3n de Riesgos (SNGR) y el Ministerio de Inclusi\u00f3n Econ\u00f3mica y Social (MIES), el Gobierno Nacional entreg\u00f3 esta ma\u00f1ana 150 kits complementarios de alimentos. As\u00ed tambi\u00e9n, el Ministerio de Desarrollo Humano y Vivienda (Miduvi) realiza el levantamiento de informaci\u00f3n de las casas con da\u00f1os y personas afectadas.<\/p>\n<p>Posteriormente, el Presidente de la Rep\u00fablica acudi\u00f3 hasta el parque Santa Clara de As\u00eds, en donde se desarroll\u00f3 la Brigada Social por el Nuevo Ecuador y la feria de emprendimientos. Alrededor de 15 entidades brindaron atenci\u00f3n a los moradores de la zona, entre estas: Ministerio de Salud P\u00fablica, Registro Civil, Ministerio de Educaci\u00f3n, Ministerio de Agricultura y Ganader\u00eda, Ministerio de Deportes y m\u00e1s. En el lugar tambi\u00e9n participaron 10 emprendimientos locales de productos como artesan\u00edas, gastronom\u00eda, ropa y otras iniciativas.<\/p>\n<p>Danilo Palacios, ministro de Agricultura y Ganader\u00eda, indic\u00f3 que, por medio de estas brigadas, los ciudadanos reciben informaci\u00f3n sobre los beneficios que otorga el MAG y BanEcuador para resguardar sus cultivos: \u201choy estamos atendiendo cada caso para ayudar a que se reactiven (\u2026). La agricultura tiene un potencial inmenso y por eso estamos aqu\u00ed para brindar las oportunidades y llegar al crecimiento sostenible que deseamos\u201d.<\/p>\n","protected":false},"excerpt":{"rendered":"<p>Daule. \u2013 Frente a los eventos adversos registrados debido a la \u00e9poca invernal como: deslizamientos, inundaciones, socavamientos, colapsos estructurales, entre otros, el Gobierno Nacional despliega un intenso operativo de atenci\u00f3n y asistencia en las zonas afectadas. Precisamente, este jueves 6 de marzo, el presidente de la Rep\u00fablica, Daniel Noboa Azin, acudi\u00f3 al cant\u00f3n Daule para, [&hellip;]<\/p>\n","protected":false},"author":2,"featured_media":24918,"comment_status":"open","ping_status":"closed","sticky":false,"template":"","format":"standard","meta":{"_jetpack_memberships_contains_paid_content":false,"footnotes":""},"categories":[13],"tags":[1322],"class_list":["post-24917","post","type-post","status-publish","format-standard","has-post-thumbnail","hentry","category-noticias-nacionales","tag-presidente-daniel-noboa"],"jetpack_featured_media_url":"https:\/\/radiocresatelital.com\/wp-content\/uploads\/2025\/03\/54369635109_90f17da044_c.jpg","jetpack_sharing_enabled":true,"_links":{"self":[{"href":"https:\/\/radiocresatelital.com\/index.php?rest_route=\/wp\/v2\/posts\/24917","targetHints":{"allow":["GET"]}}],"collection":[{"href":"https:\/\/radiocresatelital.com\/index.php?rest_route=\/wp\/v2\/posts"}],"about":[{"href":"https:\/\/radiocresatelital.com\/index.php?rest_route=\/wp\/v2\/types\/post"}],"author":[{"embeddable":true,"href":"https:\/\/radiocresatelital.com\/index.php?rest_route=\/wp\/v2\/users\/2"}],"replies":[{"embeddable":true,"href":"https:\/\/radiocresatelital.com\/index.php?rest_route=%2Fwp%2Fv2%2Fcomments&post=24917"}],"version-history":[{"count":1,"href":"https:\/\/radiocresatelital.com\/index.php?rest_route=\/wp\/v2\/posts\/24917\/revisions"}],"predecessor-version":[{"id":24919,"href":"https:\/\/radiocresatelital.com\/index.php?rest_route=\/wp\/v2\/posts\/24917\/revisions\/24919"}],"wp:featuredmedia":[{"embeddable":true,"href":"https:\/\/radiocresatelital.com\/index.php?rest_route=\/wp\/v2\/media\/24918"}],"wp:attachment":[{"href":"https:\/\/radiocresatelital.com\/index.php?rest_route=%2Fwp%2Fv2%2Fmedia&parent=24917"}],"wp:term":[{"taxonomy":"category","embeddable":true,"href":"https:\/\/radiocresatelital.com\/index.php?rest_route=%2Fwp%2Fv2%2Fcategories&post=24917"},{"taxonomy":"post_tag","embeddable":true,"href":"https:\/\/radiocresatelital.com\/index.php?rest_route=%2Fwp%2Fv2%2Ftags&post=24917"}],"curies":[{"name":"wp","href":"https:\/\/api.w.org\/{rel}","templated":true}]}}