{"id":24914,"date":"2025-03-06T21:17:40","date_gmt":"2025-03-06T21:17:40","guid":{"rendered":"https:\/\/radiocresatelital.com\/?p=24914"},"modified":"2025-03-06T21:17:40","modified_gmt":"2025-03-06T21:17:40","slug":"brigadas-de-licencias-de-ant-se-activan-a-escala-nacional","status":"publish","type":"post","link":"https:\/\/radiocresatelital.com\/?p=24914","title":{"rendered":"Brigadas de licencias de ANT se activan a escala nacional"},"content":{"rendered":"<p>Quito.- La Agencia Nacional de Tr\u00e1nsito realiz\u00f3 la activaci\u00f3n de brigadas de atenci\u00f3n en territorio, con la finalidad deacercar el servicio de emisi\u00f3n de licencias de conducir\u00a0a los cantones del pa\u00eds que no cuentan con una oficina de la entidad.<\/p>\n<p>Personal de la instituci\u00f3n cumple un cronograma de aplicaci\u00f3n de este servicio, que se desarrolla de manera exitosa y ha permitido que la entidad tenga contacto directo con las comunidades y as\u00ed escuchar, de primera mano, sus inquietudes.<\/p>\n<p>En la semana del 24 al 28 de febrero, se desplegaron brigadas a los cantones: Vinces, Atacames, Celica, Palenque, Daule, Naranjal, Catamayo, Joya de los Sachas y dos puntos estrat\u00e9gicos de Machala en los parques Col\u00f3n y Los H\u00e9roes. Mientras que, el 1 de marzo, durante el feriado de Carnaval, una brigada de ANT estuvo en el cant\u00f3n La Libertad, provincia de Santa Elena.<\/p>\n<p>Hasta el\u00a0<strong>9 de marzo<\/strong>, las brigadas de licencias f\u00edsicas y digitales se trasladar\u00e1n a los cantones Loreto, Sevilla de Oro, Centinela del C\u00f3ndor, Intag, Cascales, Bibli\u00e1n, entre otros puntos.<\/p>\n<p>Las fechas y horas de atenci\u00f3n se informan con antelaci\u00f3n, a trav\u00e9s de los canales oficiales de comunicaci\u00f3n de la ANT. Estas brigadas continuar\u00e1n realiz\u00e1ndose en el mes de marzo para beneficiar a m\u00e1s usuarios.<\/p>\n","protected":false},"excerpt":{"rendered":"<p>Quito.- La Agencia Nacional de Tr\u00e1nsito realiz\u00f3 la activaci\u00f3n de brigadas de atenci\u00f3n en territorio, con la finalidad deacercar el servicio de emisi\u00f3n de licencias de conducir\u00a0a los cantones del pa\u00eds que no cuentan con una oficina de la entidad. Personal de la instituci\u00f3n cumple un cronograma de aplicaci\u00f3n de este servicio, que se desarrolla [&hellip;]<\/p>\n","protected":false},"author":2,"featured_media":24915,"comment_status":"open","ping_status":"closed","sticky":false,"template":"","format":"standard","meta":{"_jetpack_memberships_contains_paid_content":false,"footnotes":""},"categories":[13],"tags":[1160],"class_list":["post-24914","post","type-post","status-publish","format-standard","has-post-thumbnail","hentry","category-noticias-nacionales","tag-agencia-nacional-de-transito"],"jetpack_featured_media_url":"https:\/\/radiocresatelital.com\/wp-content\/uploads\/2025\/03\/cuales-son-los-pasos-que-debo-seguir_1124624_20230902011822.jpg","jetpack_sharing_enabled":true,"_links":{"self":[{"href":"https:\/\/radiocresatelital.com\/index.php?rest_route=\/wp\/v2\/posts\/24914","targetHints":{"allow":["GET"]}}],"collection":[{"href":"https:\/\/radiocresatelital.com\/index.php?rest_route=\/wp\/v2\/posts"}],"about":[{"href":"https:\/\/radiocresatelital.com\/index.php?rest_route=\/wp\/v2\/types\/post"}],"author":[{"embeddable":true,"href":"https:\/\/radiocresatelital.com\/index.php?rest_route=\/wp\/v2\/users\/2"}],"replies":[{"embeddable":true,"href":"https:\/\/radiocresatelital.com\/index.php?rest_route=%2Fwp%2Fv2%2Fcomments&post=24914"}],"version-history":[{"count":1,"href":"https:\/\/radiocresatelital.com\/index.php?rest_route=\/wp\/v2\/posts\/24914\/revisions"}],"predecessor-version":[{"id":24916,"href":"https:\/\/radiocresatelital.com\/index.php?rest_route=\/wp\/v2\/posts\/24914\/revisions\/24916"}],"wp:featuredmedia":[{"embeddable":true,"href":"https:\/\/radiocresatelital.com\/index.php?rest_route=\/wp\/v2\/media\/24915"}],"wp:attachment":[{"href":"https:\/\/radiocresatelital.com\/index.php?rest_route=%2Fwp%2Fv2%2Fmedia&parent=24914"}],"wp:term":[{"taxonomy":"category","embeddable":true,"href":"https:\/\/radiocresatelital.com\/index.php?rest_route=%2Fwp%2Fv2%2Fcategories&post=24914"},{"taxonomy":"post_tag","embeddable":true,"href":"https:\/\/radiocresatelital.com\/index.php?rest_route=%2Fwp%2Fv2%2Ftags&post=24914"}],"curies":[{"name":"wp","href":"https:\/\/api.w.org\/{rel}","templated":true}]}}