{"id":24911,"date":"2025-03-06T19:11:30","date_gmt":"2025-03-06T19:11:30","guid":{"rendered":"https:\/\/radiocresatelital.com\/?p=24911"},"modified":"2025-03-06T21:13:56","modified_gmt":"2025-03-06T21:13:56","slug":"plastigama-wavin-firma-contrato-colectivo-en-presencia-de-la-ministra-del-trabajo-reafirmando-su-compromiso-con-el-bienestar-de-sus-trabajadores","status":"publish","type":"post","link":"https:\/\/radiocresatelital.com\/?p=24911","title":{"rendered":"Plastigama Wavin Firma Contrato Colectivo en Presencia de la Ministra del Trabajo, Reafirmando su Compromiso con el Bienestar de sus Trabajadores"},"content":{"rendered":"<p>Guayaquil.- Plastigama Wavin, l\u00edder en soluciones innovadoras para sistemas de tuber\u00edas y sostenibilidad, firm\u00f3 recientemente su vig\u00e9simo noveno contrato colectivo, correspondiente al periodo 2024-2026, con la presencia de la Ministra del Trabajo, Ivonne N\u00fa\u00f1ez, quien estuvo como testigo de honor en la ceremonia.<\/p>\n<p>Tambi\u00e9n estuvieron presentes la Viceministra del Trabajo, Nely Ter\u00e1n, y la Directora Regional de Trabajo de Guayaquil, Yessenia Quimis. La Ministra destac\u00f3 los esfuerzos constantes de la empresa para mejorar las condicione laborales de sus colaboradores.<\/p>\n<p>Este contrato, negociado cada dos a\u00f1os, establece una serie de beneficios aparte de los requisitos legales. Entre los temas tratados se incluyen apoyo econ\u00f3mico en casos de luto, servicios m\u00e9dicos, programas educativos y otros beneficios adicionales que buscan mejorar la calidad de vida de los trabajadores.<\/p>\n<p>En cada renovaci\u00f3n, la empresa y el Comit\u00e9 de Empresa, que representa a los empleados, eval\u00faan la posibilidad de incrementar los beneficios o mantenerlos, siempre con el objetivo de promover el bienestar de los colaboradores.<\/p>\n<p>Durante su visita, la Ministra y sus acompa\u00f1antes realizaron un recorrido por las instalaciones de la planta.<\/p>\n<p>Al finalizar, se llev\u00f3 a cabo la firma del contrato colectivo; el Ingeniero Carlos Ala\u00f1a, firm\u00f3 en representaci\u00f3n de Plastigama Wavin.<\/p>\n<p>Este acuerdo marca un nuevo hito en la relaci\u00f3n laboral entre Plastigama Wavin y su Comit\u00e9 de Empresa, que este a\u00f1o celebrar\u00e1 63 a\u00f1os de existencia.<\/p>\n<p>Un v\u00ednculo que ha evolucionado y se ha consolidado a lo largo del tiempo, fortaleciendo los esfuerzos conjuntos para mejorar la calidad de vida de quienes forman parte de la compa\u00f1\u00eda.<\/p>\n","protected":false},"excerpt":{"rendered":"<p>Guayaquil.- Plastigama Wavin, l\u00edder en soluciones innovadoras para sistemas de tuber\u00edas y sostenibilidad, firm\u00f3 recientemente su vig\u00e9simo noveno contrato colectivo, correspondiente al periodo 2024-2026, con la presencia de la Ministra del Trabajo, Ivonne N\u00fa\u00f1ez, quien estuvo como testigo de honor en la ceremonia. Tambi\u00e9n estuvieron presentes la Viceministra del Trabajo, Nely Ter\u00e1n, y la Directora [&hellip;]<\/p>\n","protected":false},"author":2,"featured_media":24912,"comment_status":"open","ping_status":"closed","sticky":false,"template":"","format":"standard","meta":{"_jetpack_memberships_contains_paid_content":false,"footnotes":""},"categories":[13],"tags":[3066],"class_list":["post-24911","post","type-post","status-publish","format-standard","has-post-thumbnail","hentry","category-noticias-nacionales","tag-plastigama-wavin"],"jetpack_featured_media_url":"https:\/\/radiocresatelital.com\/wp-content\/uploads\/2025\/03\/WhatsApp-Image-2025-03-06-at-16.07.51.jpeg","jetpack_sharing_enabled":true,"_links":{"self":[{"href":"https:\/\/radiocresatelital.com\/index.php?rest_route=\/wp\/v2\/posts\/24911","targetHints":{"allow":["GET"]}}],"collection":[{"href":"https:\/\/radiocresatelital.com\/index.php?rest_route=\/wp\/v2\/posts"}],"about":[{"href":"https:\/\/radiocresatelital.com\/index.php?rest_route=\/wp\/v2\/types\/post"}],"author":[{"embeddable":true,"href":"https:\/\/radiocresatelital.com\/index.php?rest_route=\/wp\/v2\/users\/2"}],"replies":[{"embeddable":true,"href":"https:\/\/radiocresatelital.com\/index.php?rest_route=%2Fwp%2Fv2%2Fcomments&post=24911"}],"version-history":[{"count":1,"href":"https:\/\/radiocresatelital.com\/index.php?rest_route=\/wp\/v2\/posts\/24911\/revisions"}],"predecessor-version":[{"id":24913,"href":"https:\/\/radiocresatelital.com\/index.php?rest_route=\/wp\/v2\/posts\/24911\/revisions\/24913"}],"wp:featuredmedia":[{"embeddable":true,"href":"https:\/\/radiocresatelital.com\/index.php?rest_route=\/wp\/v2\/media\/24912"}],"wp:attachment":[{"href":"https:\/\/radiocresatelital.com\/index.php?rest_route=%2Fwp%2Fv2%2Fmedia&parent=24911"}],"wp:term":[{"taxonomy":"category","embeddable":true,"href":"https:\/\/radiocresatelital.com\/index.php?rest_route=%2Fwp%2Fv2%2Fcategories&post=24911"},{"taxonomy":"post_tag","embeddable":true,"href":"https:\/\/radiocresatelital.com\/index.php?rest_route=%2Fwp%2Fv2%2Ftags&post=24911"}],"curies":[{"name":"wp","href":"https:\/\/api.w.org\/{rel}","templated":true}]}}