{"id":24901,"date":"2025-03-06T20:49:52","date_gmt":"2025-03-06T20:49:52","guid":{"rendered":"https:\/\/radiocresatelital.com\/?p=24901"},"modified":"2025-03-06T20:49:52","modified_gmt":"2025-03-06T20:49:52","slug":"tpg-resalta-el-liderazgo-femenino-con-la-cuarta-edicion-del-foro-la-mujer-y-el-comercio-internacional-impulsando-el-progreso","status":"publish","type":"post","link":"https:\/\/radiocresatelital.com\/?p=24901","title":{"rendered":"TPG resalta el liderazgo femenino con la cuarta edici\u00f3n del foro \u201cLa Mujer y el Comercio Internacional: Impulsando el Progreso\u201d"},"content":{"rendered":"<p>Guayaquil.- En un contexto global donde la igualdad de oportunidades se ha convertido en un pilar fundamental para el desarrollo empresarial y social, el Terminal Portuario de Guayaquil (TPG) organiza por cuarto a\u00f1o consecutivo el foro \u201cLa Mujer y el Comercio Internacional: Impulsando el Progreso\u201d. El encuentro se desarrollar\u00e1 el pr\u00f3ximo 11 de marzo en el Hotel del Parque, en Samborond\u00f3n.<\/p>\n<p>El gerente general de TPG, Luisenrique Navas, resalt\u00f3 que el evento, en conmemoraci\u00f3n del D\u00eda Internacional de la Mujer, busca destacar el impacto transformador de las mujeres en el comercio internacional y en la econom\u00eda global.<\/p>\n<p>\u201cLos logros alcanzados por las mujeres, su liderazgo y visi\u00f3n estrat\u00e9gica est\u00e1n abriendo caminos hacia un futuro m\u00e1s inclusivo y sostenible. En TPG, creemos firmemente que el impulso de las mujeres en el \u00e1mbito empresarial fortalece el progreso de toda la sociedad\u201d, enfatiz\u00f3.<\/p>\n<p>El foro reunir\u00e1 a destacadas expositoras que compartir\u00e1n sus experiencias y perspectivas sobre el rol fundamental de las mujeres en la toma de decisiones estrat\u00e9gicas. Las participantes confirmadas incluyen a:<br \/>\n&#8211; Mar\u00eda Paz Jervis, presidenta ejecutiva de la C\u00e1mara de Industrias y Producci\u00f3n.<br \/>\n&#8211; Caterina Costa, presidenta del Directorio de Holcim Ecuador.<br \/>\n&#8211; Mar\u00eda Jos\u00e9 Jaramillo, gerente de Divisi\u00f3n Empaques Flexibles Grupasa.<br \/>\n&#8211; Erika Segale, personal trainer &amp; Coach PNL.<\/p>\n<p>Estas l\u00edderes empresariales abordar\u00e1n temas clave sobre el comercio, el liderazgo femenino en el mundo de los negocios y el impacto de las mujeres en la configuraci\u00f3n del futuro de las industrias, tanto a nivel nacional e internacional.<\/p>\n<p>El foro \u201cLa Mujer y el Comercio Internacional: Impulsando el Progreso\u201d es una oportunidad para reflexionar sobre el rol transformador de la mujer en las actividades comerciales, enfatizando su contribuci\u00f3n al desarrollo econ\u00f3mico y social del pa\u00eds.<\/p>\n","protected":false},"excerpt":{"rendered":"<p>Guayaquil.- En un contexto global donde la igualdad de oportunidades se ha convertido en un pilar fundamental para el desarrollo empresarial y social, el Terminal Portuario de Guayaquil (TPG) organiza por cuarto a\u00f1o consecutivo el foro \u201cLa Mujer y el Comercio Internacional: Impulsando el Progreso\u201d. El encuentro se desarrollar\u00e1 el pr\u00f3ximo 11 de marzo en [&hellip;]<\/p>\n","protected":false},"author":2,"featured_media":24902,"comment_status":"open","ping_status":"closed","sticky":false,"template":"","format":"standard","meta":{"_jetpack_memberships_contains_paid_content":false,"footnotes":""},"categories":[13],"tags":[3914,333],"class_list":["post-24901","post","type-post","status-publish","format-standard","has-post-thumbnail","hentry","category-noticias-nacionales","tag-la-mujer-y-el-comercio-internacional-impulsando-el-progreso","tag-terminal-portuario-de-guayaquil"],"jetpack_featured_media_url":"https:\/\/radiocresatelital.com\/wp-content\/uploads\/2025\/03\/WhatsApp-Image-2025-03-06-at-15.08.50.jpeg","jetpack_sharing_enabled":true,"_links":{"self":[{"href":"https:\/\/radiocresatelital.com\/index.php?rest_route=\/wp\/v2\/posts\/24901","targetHints":{"allow":["GET"]}}],"collection":[{"href":"https:\/\/radiocresatelital.com\/index.php?rest_route=\/wp\/v2\/posts"}],"about":[{"href":"https:\/\/radiocresatelital.com\/index.php?rest_route=\/wp\/v2\/types\/post"}],"author":[{"embeddable":true,"href":"https:\/\/radiocresatelital.com\/index.php?rest_route=\/wp\/v2\/users\/2"}],"replies":[{"embeddable":true,"href":"https:\/\/radiocresatelital.com\/index.php?rest_route=%2Fwp%2Fv2%2Fcomments&post=24901"}],"version-history":[{"count":1,"href":"https:\/\/radiocresatelital.com\/index.php?rest_route=\/wp\/v2\/posts\/24901\/revisions"}],"predecessor-version":[{"id":24903,"href":"https:\/\/radiocresatelital.com\/index.php?rest_route=\/wp\/v2\/posts\/24901\/revisions\/24903"}],"wp:featuredmedia":[{"embeddable":true,"href":"https:\/\/radiocresatelital.com\/index.php?rest_route=\/wp\/v2\/media\/24902"}],"wp:attachment":[{"href":"https:\/\/radiocresatelital.com\/index.php?rest_route=%2Fwp%2Fv2%2Fmedia&parent=24901"}],"wp:term":[{"taxonomy":"category","embeddable":true,"href":"https:\/\/radiocresatelital.com\/index.php?rest_route=%2Fwp%2Fv2%2Fcategories&post=24901"},{"taxonomy":"post_tag","embeddable":true,"href":"https:\/\/radiocresatelital.com\/index.php?rest_route=%2Fwp%2Fv2%2Ftags&post=24901"}],"curies":[{"name":"wp","href":"https:\/\/api.w.org\/{rel}","templated":true}]}}