{"id":24895,"date":"2025-03-06T20:30:53","date_gmt":"2025-03-06T20:30:53","guid":{"rendered":"https:\/\/radiocresatelital.com\/?p=24895"},"modified":"2025-03-06T20:30:53","modified_gmt":"2025-03-06T20:30:53","slug":"culmina-desmontaje-de-la-parada-aviacion-civil-este-y-se-abre-un-carril-en-la-av-de-las-americas","status":"publish","type":"post","link":"https:\/\/radiocresatelital.com\/?p=24895","title":{"rendered":"Culmina desmontaje de la parada \u201cAviaci\u00f3n Civil Este\u201d y se abre un carril en la Av. de Las Am\u00e9ricas"},"content":{"rendered":"<p>Guayaquil.- La Direcci\u00f3n de Obras P\u00fablicas del Municipio de Guayaquil culmin\u00f3 el hormigonado del carril donde antes operaba la parada de la Metrov\u00eda \u201cAviaci\u00f3n Civil Este\u201d, ubicada en la Av. de Las Am\u00e9ricas, entre la Av. Plaza Da\u00f1\u00edn y la bifurcaci\u00f3n con la Av. Juan Tanca Marengo.<\/p>\n<p>Esta parada fue desmontada para mejorar la fluidez vehicular en el sentido surnorte, ya que el dise\u00f1o geom\u00e9trico original intensificaba la congesti\u00f3n durante las horas pico. Con el desmontaje, se logr\u00f3 recuperar un carril el cual ya est\u00e1 en funcionamiento desde este lunes.<\/p>\n<p>Mientras tanto, los dos carriles ubicados en el lado derecho y que fueron cerrados al inicio de la obra, permanecer\u00e1n bloqueados para la ejecuci\u00f3n de trabajos esenciales para completar la intervenci\u00f3n y que son los siguientes:<\/p>\n<p>\uf0b7 Ampliaci\u00f3n de la acera derecha, sentido sur-norte, reconstrucci\u00f3n del bordillo y reubicaci\u00f3n del drenaje<br \/>\n\uf0b7 Cimentaci\u00f3n para la nueva estructura del paso peatonal, as\u00ed como para la rampa que permitir\u00e1 el acceso a personas con movilidad reducida<\/p>\n<p>Adem\u00e1s, se realizar\u00e1 la ampliaci\u00f3n de la parada \u201cAviaci\u00f3n Civil Oeste\u201d, situada a pocos metros, para atender a pasajeros que se desplazan en ambos sentidos.<\/p>\n<p>Los trabajos incluir\u00e1n la construcci\u00f3n de la base de hormig\u00f3n y estructuras de soporte, montaje de la estaci\u00f3n, e instalaci\u00f3n del sistema el\u00e9ctrico y electr\u00f3nicos para su operaci\u00f3n<\/p>\n<p>Esta obra, cuya inversi\u00f3n es de USD 429.077, mejorar\u00e1 la movilidad de m\u00e1s de 600 mil usuarios que transitan por esta v\u00eda y se estima que finalice en junio.<\/p>\n<p>Con estas acciones, el Municipio de Guayaquil reafirma su compromiso de crear un sistema vial m\u00e1s accesible y eficiente, fortaleciendo su desarrollo como una Ciudad de Todos.<\/p>\n","protected":false},"excerpt":{"rendered":"<p>Guayaquil.- La Direcci\u00f3n de Obras P\u00fablicas del Municipio de Guayaquil culmin\u00f3 el hormigonado del carril donde antes operaba la parada de la Metrov\u00eda \u201cAviaci\u00f3n Civil Este\u201d, ubicada en la Av. de Las Am\u00e9ricas, entre la Av. Plaza Da\u00f1\u00edn y la bifurcaci\u00f3n con la Av. Juan Tanca Marengo. Esta parada fue desmontada para mejorar la fluidez [&hellip;]<\/p>\n","protected":false},"author":2,"featured_media":24896,"comment_status":"open","ping_status":"closed","sticky":false,"template":"","format":"standard","meta":{"_jetpack_memberships_contains_paid_content":false,"footnotes":""},"categories":[13],"tags":[2133,114],"class_list":["post-24895","post","type-post","status-publish","format-standard","has-post-thumbnail","hentry","category-noticias-nacionales","tag-direccion-de-obras-publicas","tag-municipio-de-guayaquil"],"jetpack_featured_media_url":"https:\/\/radiocresatelital.com\/wp-content\/uploads\/2025\/03\/WhatsApp-Image-2025-03-06-at-12.45.33.jpeg","jetpack_sharing_enabled":true,"_links":{"self":[{"href":"https:\/\/radiocresatelital.com\/index.php?rest_route=\/wp\/v2\/posts\/24895","targetHints":{"allow":["GET"]}}],"collection":[{"href":"https:\/\/radiocresatelital.com\/index.php?rest_route=\/wp\/v2\/posts"}],"about":[{"href":"https:\/\/radiocresatelital.com\/index.php?rest_route=\/wp\/v2\/types\/post"}],"author":[{"embeddable":true,"href":"https:\/\/radiocresatelital.com\/index.php?rest_route=\/wp\/v2\/users\/2"}],"replies":[{"embeddable":true,"href":"https:\/\/radiocresatelital.com\/index.php?rest_route=%2Fwp%2Fv2%2Fcomments&post=24895"}],"version-history":[{"count":1,"href":"https:\/\/radiocresatelital.com\/index.php?rest_route=\/wp\/v2\/posts\/24895\/revisions"}],"predecessor-version":[{"id":24897,"href":"https:\/\/radiocresatelital.com\/index.php?rest_route=\/wp\/v2\/posts\/24895\/revisions\/24897"}],"wp:featuredmedia":[{"embeddable":true,"href":"https:\/\/radiocresatelital.com\/index.php?rest_route=\/wp\/v2\/media\/24896"}],"wp:attachment":[{"href":"https:\/\/radiocresatelital.com\/index.php?rest_route=%2Fwp%2Fv2%2Fmedia&parent=24895"}],"wp:term":[{"taxonomy":"category","embeddable":true,"href":"https:\/\/radiocresatelital.com\/index.php?rest_route=%2Fwp%2Fv2%2Fcategories&post=24895"},{"taxonomy":"post_tag","embeddable":true,"href":"https:\/\/radiocresatelital.com\/index.php?rest_route=%2Fwp%2Fv2%2Ftags&post=24895"}],"curies":[{"name":"wp","href":"https:\/\/api.w.org\/{rel}","templated":true}]}}